{"id":14679,"date":"2018-04-19T13:07:53","date_gmt":"2018-04-19T16:07:53","guid":{"rendered":"http:\/\/obispadodezaratecampana.org\/?p=14679"},"modified":"2018-04-19T13:07:53","modified_gmt":"2018-04-19T16:07:53","slug":"sabado-21-abril-2030-hs-la-pasion-obra-musical-gratuita","status":"publish","type":"post","link":"https:\/\/obispadodezaratecampana.org\/?p=14679","title":{"rendered":"S\u00e1bado 21 abril 20:30 hs LA PASI\u00d3N Obra Musical gratuita"},"content":{"rendered":"<p style=\"text-align: center;\"><img fetchpriority=\"high\" decoding=\"async\" class=\"alignnone  wp-image-14680\" src=\"http:\/\/obispadodezaratecampana.org\/wp-content\/uploads\/2018\/04\/29983045_1811219705851990_6091538158412148345_o-300x209.jpg\" alt=\"29983045_1811219705851990_6091538158412148345_o\" width=\"433\" height=\"302\" srcset=\"https:\/\/obispadodezaratecampana.org\/wp-content\/uploads\/2018\/04\/29983045_1811219705851990_6091538158412148345_o-300x209.jpg 300w, https:\/\/obispadodezaratecampana.org\/wp-content\/uploads\/2018\/04\/29983045_1811219705851990_6091538158412148345_o-1024x714.jpg 1024w, https:\/\/obispadodezaratecampana.org\/wp-content\/uploads\/2018\/04\/29983045_1811219705851990_6091538158412148345_o.jpg 1103w\" sizes=\"(max-width: 433px) 100vw, 433px\" \/><\/p>\n<p style=\"text-align: justify;\"><span style=\"color: #ff6600;\">Obra teatral &#8211; musical donde relataremos la pasi\u00f3n, muerte y resurrecci\u00f3n de Nuestro Se\u00f1or Jesucristo y el surgimiento de las primeras comunidades cristianas.<\/span><\/p>\n<p style=\"text-align: justify;\"><span style=\"color: #ff6600;\">Anfiteatro Homero Exp\u00f3sito (Plaza Italia), calle San Martin 750, Z\u00e1rate.<\/span><\/p>\n<p style=\"text-align: justify;\"><span style=\"color: #ff6600;\">Entrada libre y gratuita.<\/span><\/p>\n<p style=\"text-align: justify;\"><span style=\"color: #ff6600;\">Transmisi\u00f3n en vivo por el facebook de la Parroquia Nuestra Sra de Luj\u00e1n:<\/span><\/p>\n<h6 style=\"text-align: justify;\"><a title=\"Lujan Z\u00e1rate \" href=\"https:\/\/www.facebook.com\/parroquianuestrasradelujan.zarate?hc_ref=ARTXj-QrAMaKnWJZ8aY4TEb8XYO5F6HitueWoP7Xp5SkC2l2moOj0M5lHhfYkSAAQIQ&amp;fref=nf\" target=\"_blank\">https:\/\/www.facebook.com\/parroquianuestrasradelujan.zarate?hc_ref=ARTXj-QrAMaKnWJZ8aY4TEb8XYO5F6HitueWoP7Xp5SkC2l2moOj0M5lHhfYkSAAQIQ&amp;fref=nf<\/a><\/h6>\n<address style=\"text-align: justify;\"><span style=\"color: #ff6600;\">Apto para ni\u00f1os<\/span><\/address>\n<!-- AddThis Advanced Settings generic via filter on the_content --><!-- AddThis Share Buttons generic via filter on the_content -->","protected":false},"excerpt":{"rendered":"<p>Obra teatral &#8211; musical donde relataremos la pasi\u00f3n, muerte y resurrecci\u00f3n de Nuestro Se\u00f1or Jesucristo y el surgimiento de las primeras comunidades cristianas. Anfiteatro Homero [&hellip;]<!-- AddThis Advanced Settings generic via filter on get_the_excerpt --><!-- AddThis Share Buttons generic via filter on get_the_excerpt --><\/p>\n","protected":false},"author":2,"featured_media":14680,"comment_status":"open","ping_status":"open","sticky":false,"template":"","format":"standard","meta":{"footnotes":""},"categories":[3],"tags":[],"class_list":["post-14679","post","type-post","status-publish","format-standard","has-post-thumbnail","hentry","category-noticiasparroquiales"],"_links":{"self":[{"href":"https:\/\/obispadodezaratecampana.org\/index.php?rest_route=\/wp\/v2\/posts\/14679","targetHints":{"allow":["GET"]}}],"collection":[{"href":"https:\/\/obispadodezaratecampana.org\/index.php?rest_route=\/wp\/v2\/posts"}],"about":[{"href":"https:\/\/obispadodezaratecampana.org\/index.php?rest_route=\/wp\/v2\/types\/post"}],"author":[{"embeddable":true,"href":"https:\/\/obispadodezaratecampana.org\/index.php?rest_route=\/wp\/v2\/users\/2"}],"replies":[{"embeddable":true,"href":"https:\/\/obispadodezaratecampana.org\/index.php?rest_route=%2Fwp%2Fv2%2Fcomments&post=14679"}],"version-history":[{"count":1,"href":"https:\/\/obispadodezaratecampana.org\/index.php?rest_route=\/wp\/v2\/posts\/14679\/revisions"}],"predecessor-version":[{"id":14681,"href":"https:\/\/obispadodezaratecampana.org\/index.php?rest_route=\/wp\/v2\/posts\/14679\/revisions\/14681"}],"wp:featuredmedia":[{"embeddable":true,"href":"https:\/\/obispadodezaratecampana.org\/index.php?rest_route=\/wp\/v2\/media\/14680"}],"wp:attachment":[{"href":"https:\/\/obispadodezaratecampana.org\/index.php?rest_route=%2Fwp%2Fv2%2Fmedia&parent=14679"}],"wp:term":[{"taxonomy":"category","embeddable":true,"href":"https:\/\/obispadodezaratecampana.org\/index.php?rest_route=%2Fwp%2Fv2%2Fcategories&post=14679"},{"taxonomy":"post_tag","embeddable":true,"href":"https:\/\/obispadodezaratecampana.org\/index.php?rest_route=%2Fwp%2Fv2%2Ftags&post=14679"}],"curies":[{"name":"wp","href":"https:\/\/api.w.org\/{rel}","templated":true}]}}