{"id":14632,"date":"2018-04-21T14:09:59","date_gmt":"2018-04-21T17:09:59","guid":{"rendered":"http:\/\/obispadodezaratecampana.org\/?p=14632"},"modified":"2018-04-21T17:12:15","modified_gmt":"2018-04-21T20:12:15","slug":"domingo-22-de-abril-2018-lectorado-del-seminarista-martin-evangelista","status":"publish","type":"post","link":"https:\/\/obispadodezaratecampana.org\/?p=14632","title":{"rendered":"Domingo 22 de abril 2018: Lectorado del Seminarista Martin Evangelista"},"content":{"rendered":"<p style=\"text-align: center;\"><strong><span style=\"color: #666699;\">LECTORADO DEL SEMINARISTA MART\u00cdN EVANGELISTA <\/span><\/strong><\/p>\n<p style=\"text-align: center; padding-left: 30px;\"><img decoding=\"async\" class=\"alignnone  wp-image-14633\" src=\"http:\/\/obispadodezaratecampana.org\/wp-content\/uploads\/2018\/04\/Martin-Evangelista-189x300.jpg\" alt=\"Martin Evangelista\" width=\"151\" height=\"240\" srcset=\"https:\/\/obispadodezaratecampana.org\/wp-content\/uploads\/2018\/04\/Martin-Evangelista-189x300.jpg 189w, https:\/\/obispadodezaratecampana.org\/wp-content\/uploads\/2018\/04\/Martin-Evangelista.jpg 268w\" sizes=\"(max-width: 151px) 100vw, 151px\" \/><\/p>\n<p style=\"text-align: justify;\"><em><span style=\"color: #666699;\">Para difundir en sus perfiles, comunidades, grupos, etc<\/span><\/em><\/p>\n<p style=\"text-align: justify;\"><span style=\"color: #666699;\">Con gran alegr\u00eda anunciamos que el pr\u00f3ximo domingo 22 de abril a las 19:30 hs en la Cocatedral Natividad del Se\u00f1or de Escobar (Calle Eugenia Tapia de la Cruz 524) se llevar\u00e1 a cabo la instituci\u00f3n del Lectorado del seminarista Mart\u00edn Evangelista.<\/span><\/p>\n<p style=\"text-align: justify;\"><span style=\"color: #666699;\">La celebraci\u00f3n ser\u00e1 presidida por el Obispo Pedro Laxague.<\/span><\/p>\n<p style=\"text-align: justify;\"><span style=\"color: #666699;\">La comunidad diocesana est\u00e1 invitada a participar y unirse en oraci\u00f3n por Mart\u00edn, especialmente en el marco de la Jornada Mundial de oraci\u00f3n por las Vocaciones.<\/span><\/p>\n<p style=\"text-align: center;\"><img fetchpriority=\"high\" decoding=\"async\" class=\"alignnone size-medium wp-image-14635\" src=\"http:\/\/obispadodezaratecampana.org\/wp-content\/uploads\/2018\/04\/Obispo-Pedro-Laxague-213x300.jpg\" alt=\"Obispo Pedro Laxague\" width=\"213\" height=\"300\" srcset=\"https:\/\/obispadodezaratecampana.org\/wp-content\/uploads\/2018\/04\/Obispo-Pedro-Laxague-213x300.jpg 213w, https:\/\/obispadodezaratecampana.org\/wp-content\/uploads\/2018\/04\/Obispo-Pedro-Laxague.jpg 407w\" sizes=\"(max-width: 213px) 100vw, 213px\" \/><\/p>\n<p style=\"text-align: justify;\"><em><span style=\"color: #666699;\">\u00bfQue implica el Ministerio del Lectorado?<\/span><\/em><\/p>\n<p style=\"text-align: justify;\"><span style=\"color: #666699;\">El Lector queda instituido para la funci\u00f3n, que le es propia, de leer la palabra de Dios en la asamblea lit\u00fargica. Por lo cual proclamar\u00e1 las lecturas de la Sagrada Escritura, pero no el Evangelio, en la Misa y en las dem\u00e1s celebraciones sagradas; faltando el salmista, recitar\u00e1 el Salmo interleccional; proclamar\u00e1 las intenciones de la Oraci\u00f3n Universal de los fieles, cuando no haya a disposici\u00f3n di\u00e1cono o cantor; dirigir\u00e1 el canto y la participaci\u00f3n del pueblo fiel; instruir\u00e1 a los fieles para recibir dignamente los Sacramentos. <\/span><br \/>\n<span style=\"color: #666699;\">Tambi\u00e9n podr\u00e1, cuando sea necesario, encargarse de la preparaci\u00f3n de otros fieles a quienes se encomiende temporalmente la lectura de la Sagrada Escritura en los actos lit\u00fargicos. Para realizar mejor y m\u00e1s perfectamente estas<\/span><br \/>\n<span style=\"color: #666699;\">funciones, medite con asiduidad la Sagrada Escritura.<\/span><br \/>\n<span style=\"color: #666699;\">El Lector, consciente de la responsabilidad adquirida, procure con todo empe\u00f1o y ponga los medios aptos para conseguir cada d\u00eda m\u00e1s plenamente el suave y vivo amor, as\u00ed como el conocimiento de la Sagrada Escritura, para llegar a ser m\u00e1s perfecto disc\u00edpulo del Se\u00f1or.<\/span><\/p>\n<!-- AddThis Advanced Settings generic via filter on the_content --><!-- AddThis Share Buttons generic via filter on the_content -->","protected":false},"excerpt":{"rendered":"<p>LECTORADO DEL SEMINARISTA MART\u00cdN EVANGELISTA Para difundir en sus perfiles, comunidades, grupos, etc Con gran alegr\u00eda anunciamos que el pr\u00f3ximo domingo 22 de abril a [&hellip;]<!-- AddThis Advanced Settings generic via filter on get_the_excerpt --><!-- AddThis Share Buttons generic via filter on get_the_excerpt --><\/p>\n","protected":false},"author":2,"featured_media":14633,"comment_status":"open","ping_status":"open","sticky":false,"template":"","format":"standard","meta":{"footnotes":""},"categories":[1],"tags":[],"class_list":["post-14632","post","type-post","status-publish","format-standard","has-post-thumbnail","hentry","category-noticiasdiocesanas"],"_links":{"self":[{"href":"https:\/\/obispadodezaratecampana.org\/index.php?rest_route=\/wp\/v2\/posts\/14632","targetHints":{"allow":["GET"]}}],"collection":[{"href":"https:\/\/obispadodezaratecampana.org\/index.php?rest_route=\/wp\/v2\/posts"}],"about":[{"href":"https:\/\/obispadodezaratecampana.org\/index.php?rest_route=\/wp\/v2\/types\/post"}],"author":[{"embeddable":true,"href":"https:\/\/obispadodezaratecampana.org\/index.php?rest_route=\/wp\/v2\/users\/2"}],"replies":[{"embeddable":true,"href":"https:\/\/obispadodezaratecampana.org\/index.php?rest_route=%2Fwp%2Fv2%2Fcomments&post=14632"}],"version-history":[{"count":2,"href":"https:\/\/obispadodezaratecampana.org\/index.php?rest_route=\/wp\/v2\/posts\/14632\/revisions"}],"predecessor-version":[{"id":14638,"href":"https:\/\/obispadodezaratecampana.org\/index.php?rest_route=\/wp\/v2\/posts\/14632\/revisions\/14638"}],"wp:featuredmedia":[{"embeddable":true,"href":"https:\/\/obispadodezaratecampana.org\/index.php?rest_route=\/wp\/v2\/media\/14633"}],"wp:attachment":[{"href":"https:\/\/obispadodezaratecampana.org\/index.php?rest_route=%2Fwp%2Fv2%2Fmedia&parent=14632"}],"wp:term":[{"taxonomy":"category","embeddable":true,"href":"https:\/\/obispadodezaratecampana.org\/index.php?rest_route=%2Fwp%2Fv2%2Fcategories&post=14632"},{"taxonomy":"post_tag","embeddable":true,"href":"https:\/\/obispadodezaratecampana.org\/index.php?rest_route=%2Fwp%2Fv2%2Ftags&post=14632"}],"curies":[{"name":"wp","href":"https:\/\/api.w.org\/{rel}","templated":true}]}}