{"id":14517,"date":"2018-03-30T16:09:34","date_gmt":"2018-03-30T19:09:34","guid":{"rendered":"http:\/\/obispadodezaratecampana.org\/?p=14517"},"modified":"2018-03-31T19:00:51","modified_gmt":"2018-03-31T22:00:51","slug":"misa-crismal-28-marzo-2018-fragmento-homilia-mons-pedro-laxague","status":"publish","type":"post","link":"https:\/\/obispadodezaratecampana.org\/?p=14517","title":{"rendered":"Misa Crismal 28 marzo 2018 &#8211; Homil\u00eda Mons. Pedro Laxague"},"content":{"rendered":"<p style=\"text-align: center;\"><span style=\"color: #000080;\"><img fetchpriority=\"high\" decoding=\"async\" class=\"alignnone size-medium wp-image-14518\" src=\"http:\/\/obispadodezaratecampana.org\/wp-content\/uploads\/2018\/03\/20180328_201835-300x168.jpg\" alt=\"20180328_201835\" width=\"300\" height=\"168\" srcset=\"https:\/\/obispadodezaratecampana.org\/wp-content\/uploads\/2018\/03\/20180328_201835-300x168.jpg 300w, https:\/\/obispadodezaratecampana.org\/wp-content\/uploads\/2018\/03\/20180328_201835-1024x576.jpg 1024w\" sizes=\"(max-width: 300px) 100vw, 300px\" \/><\/span><\/p>\n<p style=\"text-align: center;\"><b style=\"color: #000080;\">Misa Crismal <\/b><span style=\"color: #000080;\"><b>Mi\u00e9rcoles<\/b><\/span><b style=\"color: #000080;\">\u00a028 marzo 2018 a las 19 hs<\/b><\/p>\n<p style=\"text-align: center;\"><span style=\"color: #000080;\"><strong>Catedral Santa Florentina, ciudad de Campana<\/strong><\/span><\/p>\n<p style=\"text-align: center;\"><span style=\"color: #000080;\"><strong>Di\u00f3cesis de Z\u00e1rate &#8211; Campana<\/strong><\/span><\/p>\n<p><span style=\"color: #000080;\"><strong>La misa Crismal, presidida por el Obispo Pedro Laxague y concelebrada con los sacerdotes de la di\u00f3cesis, es la celebraci\u00f3n en la que se consagra el Santo Crisma (de aqu\u00ed el nombre de misa Crismal) y bendice adem\u00e1s los restantes \u00f3leos o aceites (para los enfermos y los que se van a bautizar).<br \/>\nEl rito de esta misa, incluye la renovaci\u00f3n de las promesas sacerdotales. Tras la homil\u00eda, el Obispo invita a sus sacerdotes a renovar su consagraci\u00f3n y dedicaci\u00f3n a Cristo y a la Iglesia.<br \/>\nJuntos prometen solemnemente unirse m\u00e1s de cerca a Cristo, ser sus fieles ministros, ense\u00f1ar y ofrecer el santo sacrificio en su nombre y conducir a otros a \u00e9l. <\/strong><\/span><\/p>\n<p><span style=\"color: #000080;\"><strong>A continuaci\u00f3n 3 videos de la Misa Crismal (2 de la Homil\u00eda y uno del Coro):<\/strong><\/span><\/p>\n<p><a title=\"Crismal 1\" href=\"https:\/\/youtu.be\/vzfPPp6xX2I\" target=\"_blank\"><span style=\"color: #000080;\"><span style=\"color: #000080;\">https:\/\/youtu.be\/vzfPPp6xX2I<\/span>\u00a0<\/span><\/a><\/p>\n<p><a title=\"Crismal 2 \" href=\"https:\/\/www.youtube.com\/watch?v=4CcEQvL06kE%20\" target=\"_blank\"><span style=\"color: #000080;\"><span style=\"color: #000080;\">https:\/\/www.youtube.com\/watch?v=4CcEQvL06kE<\/span>\u00a0<\/span><\/a><\/p>\n<p><a title=\"Crismal 3\" href=\"https:\/\/youtu.be\/d_Fng_uwQb8\" target=\"_blank\"><span style=\"color: #000080;\">https:\/\/youtu.be\/d_Fng_uwQb8<\/span><\/a><\/p>\n<p><a title=\"Crismal 3\" href=\"https:\/\/youtu.be\/d_Fng_uwQb8\" target=\"_blank\">\u00a0<\/a><\/p>\n<!-- AddThis Advanced Settings generic via filter on the_content --><!-- AddThis Share Buttons generic via filter on the_content -->","protected":false},"excerpt":{"rendered":"<p>Misa Crismal Mi\u00e9rcoles\u00a028 marzo 2018 a las 19 hs Catedral Santa Florentina, ciudad de Campana Di\u00f3cesis de Z\u00e1rate &#8211; Campana La misa Crismal, presidida por [&hellip;]<!-- AddThis Advanced Settings generic via filter on get_the_excerpt --><!-- AddThis Share Buttons generic via filter on get_the_excerpt --><\/p>\n","protected":false},"author":2,"featured_media":14518,"comment_status":"open","ping_status":"open","sticky":false,"template":"","format":"video","meta":{"footnotes":""},"categories":[1,8],"tags":[],"class_list":["post-14517","post","type-post","status-publish","format-video","has-post-thumbnail","hentry","category-noticiasdiocesanas","category-videos","post_format-post-format-video"],"_links":{"self":[{"href":"https:\/\/obispadodezaratecampana.org\/index.php?rest_route=\/wp\/v2\/posts\/14517","targetHints":{"allow":["GET"]}}],"collection":[{"href":"https:\/\/obispadodezaratecampana.org\/index.php?rest_route=\/wp\/v2\/posts"}],"about":[{"href":"https:\/\/obispadodezaratecampana.org\/index.php?rest_route=\/wp\/v2\/types\/post"}],"author":[{"embeddable":true,"href":"https:\/\/obispadodezaratecampana.org\/index.php?rest_route=\/wp\/v2\/users\/2"}],"replies":[{"embeddable":true,"href":"https:\/\/obispadodezaratecampana.org\/index.php?rest_route=%2Fwp%2Fv2%2Fcomments&post=14517"}],"version-history":[{"count":5,"href":"https:\/\/obispadodezaratecampana.org\/index.php?rest_route=\/wp\/v2\/posts\/14517\/revisions"}],"predecessor-version":[{"id":14532,"href":"https:\/\/obispadodezaratecampana.org\/index.php?rest_route=\/wp\/v2\/posts\/14517\/revisions\/14532"}],"wp:featuredmedia":[{"embeddable":true,"href":"https:\/\/obispadodezaratecampana.org\/index.php?rest_route=\/wp\/v2\/media\/14518"}],"wp:attachment":[{"href":"https:\/\/obispadodezaratecampana.org\/index.php?rest_route=%2Fwp%2Fv2%2Fmedia&parent=14517"}],"wp:term":[{"taxonomy":"category","embeddable":true,"href":"https:\/\/obispadodezaratecampana.org\/index.php?rest_route=%2Fwp%2Fv2%2Fcategories&post=14517"},{"taxonomy":"post_tag","embeddable":true,"href":"https:\/\/obispadodezaratecampana.org\/index.php?rest_route=%2Fwp%2Fv2%2Ftags&post=14517"}],"curies":[{"name":"wp","href":"https:\/\/api.w.org\/{rel}","templated":true}]}}