{"id":14514,"date":"2018-03-29T15:18:50","date_gmt":"2018-03-29T18:18:50","guid":{"rendered":"http:\/\/obispadodezaratecampana.org\/?p=14514"},"modified":"2018-03-30T16:10:44","modified_gmt":"2018-03-30T19:10:44","slug":"vive-en-directo-la-semana-santa-2018-junto-al-papa-en-vatican-news","status":"publish","type":"post","link":"https:\/\/obispadodezaratecampana.org\/?p=14514","title":{"rendered":"Vive en directo la Semana Santa 2018 junto al Papa en Vatican News"},"content":{"rendered":"<div class=\"article__subTitle\" style=\"color: #646464;\"><strong><span style=\"color: #993300;\">Vatican News transmitir\u00e1 en directo todas las celebraciones presididas por el Santo Padre desde Roma<\/span><\/strong><\/div>\n<div class=\"article__subTitle\" style=\"color: #646464;\"><\/div>\n<div class=\"article__subTitle\" style=\"color: #646464; text-align: center;\"><a href=\"http:\/\/obispadodezaratecampana.org\/wp-content\/uploads\/2018\/03\/29744680_1973532079324487_187418449548193071_o.jpg\"><img fetchpriority=\"high\" decoding=\"async\" class=\"alignnone size-medium wp-image-14515\" src=\"http:\/\/obispadodezaratecampana.org\/wp-content\/uploads\/2018\/03\/29744680_1973532079324487_187418449548193071_o-300x200.jpg\" alt=\"29744680_1973532079324487_187418449548193071_o\" width=\"300\" height=\"200\" srcset=\"https:\/\/obispadodezaratecampana.org\/wp-content\/uploads\/2018\/03\/29744680_1973532079324487_187418449548193071_o-300x200.jpg 300w, https:\/\/obispadodezaratecampana.org\/wp-content\/uploads\/2018\/03\/29744680_1973532079324487_187418449548193071_o.jpg 1024w\" sizes=\"(max-width: 300px) 100vw, 300px\" \/><\/a><\/div>\n<div class=\"title__separator\"><span style=\"color: #993300;\">\u00a0<\/span><\/div>\n<div class=\"article__text\">\n<p style=\"font-weight: 300; color: #373737;\"><span style=\"color: #993300;\"><b style=\"font-weight: bolder;\">Ciudad del Vaticano<\/b><\/span><\/p>\n<p style=\"font-weight: 300; color: #373737;\"><span style=\"color: #993300;\">Vatican News transmitir\u00e1, con comentarios en espa\u00f1ol, todas las\u00a0<b style=\"font-weight: bolder;\">celebraciones de la Semana Santa<\/b>\u00a0que presidir\u00e1 el Papa Francisco en Roma, y que inici\u00f3 con la celebraci\u00f3n del Domingo de Ramos, el pasado 25 de marzo, con una misa en la Plaza de San Pedro.<\/span><\/p>\n<p style=\"font-weight: 300; color: #373737;\"><span style=\"color: #993300;\">Podr\u00e1n<b style=\"font-weight: bolder;\">\u00a0seguir todo en directo<\/b>\u00a0a trav\u00e9s de nuestro canal de Youtube,\u00a0<a style=\"color: #660099;\" href=\"https:\/\/www.youtube.com\/channel\/UCnB5vfb9FMMNTnC6-kAT3fQ\" target=\"_blank\" rel=\"external nofollow\"><span style=\"color: #993300;\">The Vatican Espa\u00f1ol<\/span><\/a>, as\u00ed como en nuestro portal multimedia y Redes Sociales:\u00a0<a style=\"color: #660099;\" href=\"https:\/\/www.facebook.com\/vaticannews.es\/\" target=\"_blank\" rel=\"external nofollow\"><span style=\"color: #993300;\">Facebook<\/span><\/a>\u00a0y\u00a0<a style=\"color: #660099;\" href=\"https:\/\/twitter.com\/vaticannews_es\" target=\"_blank\" rel=\"external nofollow\"><span style=\"color: #993300;\">Twitter<\/span><\/a>.<\/span><\/p>\n<p style=\"font-weight: 300; color: #373737;\"><span style=\"color: #993300;\">A continuaci\u00f3n compartimos el\u00a0<b style=\"font-weight: bolder;\">calendario de las actividades<\/b>\u00a0programadas, con horario local de Roma.<\/span><\/p>\n<p style=\"font-weight: 300; color: #373737;\"><span style=\"color: #993300;\"><b style=\"font-weight: bolder;\">Jueves Santo<\/b>, 29 de marzo de 2018:\u00a0<i>Santa Misa crismal<\/i>, a las 9:30 de la ma\u00f1ana.<\/span><\/p>\n<p style=\"font-weight: 300; color: #373737;\"><span style=\"color: #993300;\">Por la tarde se celebrar\u00e1 la\u00a0<i>Santa Misa \u201cin Coena Domini\u201d<\/i>, en el centro penitenciario Regina Coeli de Roma, donde el Papa realizar\u00e1 la ceremonia del lavatorio de los pies a 12 presidiarios.<\/span><\/p>\n<p style=\"font-weight: 300; color: #373737;\"><span style=\"color: #993300;\">De este evento, no habr\u00e1 transmisi\u00f3n en directo .<\/span><\/p>\n<p style=\"font-weight: 300; color: #373737;\"><span style=\"color: #993300;\"><b style=\"font-weight: bolder;\">Viernes Santo<\/b>, 30 de marzo de 2018:\u00a0<i>Celebraci\u00f3n de la Pasi\u00f3n del Se\u00f1or<\/i>, en la Bas\u00edlica de San Pedro a las 17:00 horas.<\/span><\/p>\n<p style=\"font-weight: 300; color: #373737;\"><span style=\"color: #993300;\">Posteriormente, se celebrar\u00e1 el\u00a0<i>V\u00eda Crucis en el Coliseo\u00a0<\/i>a las 21:15 horas.\u00a0<\/span><\/p>\n<p style=\"font-weight: 300; color: #373737;\"><span style=\"color: #993300;\"><b style=\"font-weight: bolder;\">S\u00e1bado Santo<\/b>, 31 de marzo de 2018:\u00a0<i>Vigilia Pascual\u00a0<\/i>en la Bas\u00edlica de San Pedro a las 20:30 horas.<\/span><\/p>\n<p style=\"font-weight: 300; color: #373737;\"><span style=\"color: #993300;\"><b style=\"font-weight: bolder;\">Domingo de Pascua<\/b>, 1 de abril de 2018:\u00a0<i>Santa Misa de Pascua de Resurrecc\u00edon<\/i>\u00a0a las 10:00 horas en la Bas\u00edlica de San Pedro y\u00a0<i>Bendici\u00f3n Urbi et Orbi<\/i>\u00a0a las 12:00 horas, desde el Balc\u00f3n Central.<\/span><\/p>\n<p style=\"font-weight: 300; color: #373737;\"><span style=\"color: #993300;\"><b style=\"font-weight: bolder;\">Lunes de Pascua<\/b>, 2 de abril 2018: Papa Francisco rezar\u00e1 el<i>\u00a0Regina Coeli<\/i>\u00a0en la Plaza de San Pedro a las 12:00 horas.<\/span><\/p>\n<div style=\"font-weight: 300; color: #373737;\"><\/div>\n<\/div>\n<!-- AddThis Advanced Settings generic via filter on the_content --><!-- AddThis Share Buttons generic via filter on the_content -->","protected":false},"excerpt":{"rendered":"<p>Vatican News transmitir\u00e1 en directo todas las celebraciones presididas por el Santo Padre desde Roma \u00a0 Ciudad del Vaticano Vatican News transmitir\u00e1, con comentarios en [&hellip;]<!-- AddThis Advanced Settings generic via filter on get_the_excerpt --><!-- AddThis Share Buttons generic via filter on get_the_excerpt --><\/p>\n","protected":false},"author":2,"featured_media":14515,"comment_status":"open","ping_status":"open","sticky":false,"template":"","format":"video","meta":{"footnotes":""},"categories":[161,1,8],"tags":[],"class_list":["post-14514","post","type-post","status-publish","format-video","has-post-thumbnail","hentry","category-el-papa-leonxiv","category-noticiasdiocesanas","category-videos","post_format-post-format-video"],"_links":{"self":[{"href":"https:\/\/obispadodezaratecampana.org\/index.php?rest_route=\/wp\/v2\/posts\/14514","targetHints":{"allow":["GET"]}}],"collection":[{"href":"https:\/\/obispadodezaratecampana.org\/index.php?rest_route=\/wp\/v2\/posts"}],"about":[{"href":"https:\/\/obispadodezaratecampana.org\/index.php?rest_route=\/wp\/v2\/types\/post"}],"author":[{"embeddable":true,"href":"https:\/\/obispadodezaratecampana.org\/index.php?rest_route=\/wp\/v2\/users\/2"}],"replies":[{"embeddable":true,"href":"https:\/\/obispadodezaratecampana.org\/index.php?rest_route=%2Fwp%2Fv2%2Fcomments&post=14514"}],"version-history":[{"count":2,"href":"https:\/\/obispadodezaratecampana.org\/index.php?rest_route=\/wp\/v2\/posts\/14514\/revisions"}],"predecessor-version":[{"id":14520,"href":"https:\/\/obispadodezaratecampana.org\/index.php?rest_route=\/wp\/v2\/posts\/14514\/revisions\/14520"}],"wp:featuredmedia":[{"embeddable":true,"href":"https:\/\/obispadodezaratecampana.org\/index.php?rest_route=\/wp\/v2\/media\/14515"}],"wp:attachment":[{"href":"https:\/\/obispadodezaratecampana.org\/index.php?rest_route=%2Fwp%2Fv2%2Fmedia&parent=14514"}],"wp:term":[{"taxonomy":"category","embeddable":true,"href":"https:\/\/obispadodezaratecampana.org\/index.php?rest_route=%2Fwp%2Fv2%2Fcategories&post=14514"},{"taxonomy":"post_tag","embeddable":true,"href":"https:\/\/obispadodezaratecampana.org\/index.php?rest_route=%2Fwp%2Fv2%2Ftags&post=14514"}],"curies":[{"name":"wp","href":"https:\/\/api.w.org\/{rel}","templated":true}]}}