{"id":14504,"date":"2018-03-27T01:37:52","date_gmt":"2018-03-27T04:37:52","guid":{"rendered":"http:\/\/obispadodezaratecampana.org\/?p=14504"},"modified":"2018-03-27T01:39:04","modified_gmt":"2018-03-27T04:39:04","slug":"en-su-homilia-explico-que-la-alegria-que-provoca-el-paso-de-cristo-no-siempre-es-bien-recibida","status":"publish","type":"post","link":"https:\/\/obispadodezaratecampana.org\/?p=14504","title":{"rendered":"Papa Francisco: La alegr\u00eda que provoca el paso de Cristo no siempre es bien recibida"},"content":{"rendered":"<div class=\"row__column ficha__separator\" style=\"color: #000000;\"><\/div>\n<div class=\"row__column page__main ficha__main\" style=\"color: #000000;\">\n<div class=\"ficha__container\" style=\"font-weight: inherit; font-style: inherit;\">\n<div class=\"text-block \" style=\"font-weight: inherit; font-style: inherit;\">\n<p><span style=\"color: #800080;\">La Semana Santa comienza en Roma con la misa del Domingo de Ramos presidida por el Papa.<\/span><\/p>\n<p><span style=\"color: #800080;\">Francisco encabez\u00f3 esta procesi\u00f3n que recuerda la entrada triunfal de Jes\u00fas en Jerusal\u00e9n antes de su Pasi\u00f3n.<\/span><\/p>\n<p><span style=\"color: #800080;\">En su homil\u00eda explic\u00f3 que la alegr\u00eda que provoca el paso de Cristo no siempre es bien recibida.<\/span><\/p>\n<p><span style=\"color: #800080;\">FRANCISCO<\/span><br \/>\n<span style=\"color: #800080;\">\u201cAlegr\u00eda insoportable para quienes han bloqueado la sensibilidad ante el dolor, el sufrimiento y la miseria. Muchos de estos piensan: \u201c\u00a1Mira que pueblo m\u00e1s maleducado!\u201d. Alegr\u00eda intolerable para quienes perdieron la memoria y se olvidaron de tantas oportunidades recibidas\u201d.<\/span><\/p>\n<p><span style=\"color: #800080;\">El Papa tambi\u00e9n asegur\u00f3 que esta actitud hace que haya personas que se sientan superiores a otras.<\/span><\/p>\n<p><span style=\"color: #800080;\">FRANCISCO<\/span><br \/>\n<span style=\"color: #800080;\">\u201cY as\u00ed nace el grito del que no le tiembla la voz para gritar: \u201c\u00a1Crucif\u00edcalo!\u201d. No es un grito espont\u00e1neo, sino el grito armado, producido, que se forma con el desprestigio, la calumnia, cuando se levanta falso testimonio. FLASH Es la voz de quien manipula la realidad y crea un relato a su conveniencia y no tiene problema en \u201cmanchar\u201d a otros para salirse con la suya\u201d.<\/span><\/p>\n<p><span style=\"color: #800080;\">El Domingo de Ramos se celebra tradicionalmente la Jornada Mundial de la Juventud. Por eso, hab\u00eda muchos j\u00f3venes en la plaza y tambi\u00e9n porque acaba de concluir el pre-S\u00ednodo. Estos j\u00f3venes entregaron a Francisco el documento final de su semana de trabajos en Roma.<\/span><\/p>\n<p><span style=\"color: #800080;\">Y como no siempre se tiene al Papa cerca, los chicos aprovecharon para hacerse un selfie que inmortalizara el encuentro al que Francisco respondi\u00f3 con este simp\u00e1tico comentario.<\/span><\/p>\n<p><span style=\"color: #800080;\">FRANCISCO<\/span><br \/>\n<span style=\"color: #800080;\">\u201cHab\u00e9is visto. Hoy no se puede concebir un joven que no se haga un \u201cselfie\u201d\u201d.<\/span><\/p>\n<p><span style=\"color: #800080;\">El Papa pidi\u00f3 a los j\u00f3venes que no se callen y que no permitan que nadie les calle. Les anim\u00f3 adem\u00e1s a seguir prepar\u00e1ndose para la JMJ de Panam\u00e1 de 2019.\u00a0 <\/span><\/p>\n<p><span style=\"color: #800080;\">ROME REPORTS 25 de marzo 2018<\/span><\/p>\n<p class=\"paragraph text-block__paragraph text-block__element\" style=\"font-weight: 300; font-style: inherit; color: #ffffff;\">\n<\/div>\n<\/div>\n<\/div>\n<!-- AddThis Advanced Settings generic via filter on the_content --><!-- AddThis Share Buttons generic via filter on the_content -->","protected":false},"excerpt":{"rendered":"<p>La Semana Santa comienza en Roma con la misa del Domingo de Ramos presidida por el Papa. Francisco encabez\u00f3 esta procesi\u00f3n que recuerda la entrada [&hellip;]<!-- AddThis Advanced Settings generic via filter on get_the_excerpt --><!-- AddThis Share Buttons generic via filter on get_the_excerpt --><\/p>\n","protected":false},"author":2,"featured_media":14505,"comment_status":"open","ping_status":"open","sticky":false,"template":"","format":"standard","meta":{"footnotes":""},"categories":[161,1,8],"tags":[],"class_list":["post-14504","post","type-post","status-publish","format-standard","has-post-thumbnail","hentry","category-el-papa-leonxiv","category-noticiasdiocesanas","category-videos"],"_links":{"self":[{"href":"https:\/\/obispadodezaratecampana.org\/index.php?rest_route=\/wp\/v2\/posts\/14504","targetHints":{"allow":["GET"]}}],"collection":[{"href":"https:\/\/obispadodezaratecampana.org\/index.php?rest_route=\/wp\/v2\/posts"}],"about":[{"href":"https:\/\/obispadodezaratecampana.org\/index.php?rest_route=\/wp\/v2\/types\/post"}],"author":[{"embeddable":true,"href":"https:\/\/obispadodezaratecampana.org\/index.php?rest_route=\/wp\/v2\/users\/2"}],"replies":[{"embeddable":true,"href":"https:\/\/obispadodezaratecampana.org\/index.php?rest_route=%2Fwp%2Fv2%2Fcomments&post=14504"}],"version-history":[{"count":2,"href":"https:\/\/obispadodezaratecampana.org\/index.php?rest_route=\/wp\/v2\/posts\/14504\/revisions"}],"predecessor-version":[{"id":14507,"href":"https:\/\/obispadodezaratecampana.org\/index.php?rest_route=\/wp\/v2\/posts\/14504\/revisions\/14507"}],"wp:featuredmedia":[{"embeddable":true,"href":"https:\/\/obispadodezaratecampana.org\/index.php?rest_route=\/wp\/v2\/media\/14505"}],"wp:attachment":[{"href":"https:\/\/obispadodezaratecampana.org\/index.php?rest_route=%2Fwp%2Fv2%2Fmedia&parent=14504"}],"wp:term":[{"taxonomy":"category","embeddable":true,"href":"https:\/\/obispadodezaratecampana.org\/index.php?rest_route=%2Fwp%2Fv2%2Fcategories&post=14504"},{"taxonomy":"post_tag","embeddable":true,"href":"https:\/\/obispadodezaratecampana.org\/index.php?rest_route=%2Fwp%2Fv2%2Ftags&post=14504"}],"curies":[{"name":"wp","href":"https:\/\/api.w.org\/{rel}","templated":true}]}}