{"id":14490,"date":"2018-03-24T16:37:05","date_gmt":"2018-03-24T19:37:05","guid":{"rendered":"http:\/\/obispadodezaratecampana.org\/?p=14490"},"modified":"2018-03-24T16:37:05","modified_gmt":"2018-03-24T19:37:05","slug":"la-comision-episcopal-de-laicos-y-familia-pidio-asistir-a-misa-este-domingo-y-viralizar-en-las-redes-sociales-la-frase-vale-toda-vida","status":"publish","type":"post","link":"https:\/\/obispadodezaratecampana.org\/?p=14490","title":{"rendered":"La Comisi\u00f3n Episcopal de Laicos y Familia pidi\u00f3 asistir a misa este domingo y viralizar en las redes sociales la frase \u201cVale toda vida\u201d"},"content":{"rendered":"<p><span style=\"color: rgb(0, 128, 0);\"><img fetchpriority=\"high\" decoding=\"async\" class=\"alignnone size-medium wp-image-14491 aligncenter\" src=\"http:\/\/obispadodezaratecampana.org\/wp-content\/uploads\/2018\/03\/PETE-300x217.jpg\" alt=\"PETE\" width=\"300\" height=\"217\" srcset=\"https:\/\/obispadodezaratecampana.org\/wp-content\/uploads\/2018\/03\/PETE-300x217.jpg 300w, https:\/\/obispadodezaratecampana.org\/wp-content\/uploads\/2018\/03\/PETE.jpg 729w\" sizes=\"(max-width: 300px) 100vw, 300px\" \/><\/span><\/p>\n<p style=\"text-align: justify;\"><span style=\"color: rgb(0, 128, 0);\">23\/03\/2018 \u2013 El presidente de la Comisi\u00f3n Episcopal de Laicos y Familia, monse\u00f1or Pedro Laxague, explic\u00f3 en di\u00e1logo con Nestor Rocchiccioli en que consistir\u00e1 la propuesta de la Iglesia argentina denominada \u201cVale toda vida\u201d para este Domingo de Ramos. Monse\u00f1or Laxague manifest\u00f3 que \u201ceste domingo celebraremos al Se\u00f1or de la Vida y es muy significativo que este a\u00f1o coincida con el D\u00eda del Ni\u00f1o por Nacer. Creemos entonces que ser\u00e1 muy bueno que este Domingo de Ramos muestre esa fuerte impronta de la vida en el marco del debate legislativo por la despenalizaci\u00f3n del aborto\u201d.<\/span><\/p>\n<p style=\"text-align: justify;\"><span style=\"color: rgb(0, 128, 0);\">Asimismo, el tambi\u00e9n obispo de Z\u00e1rate-Campana subray\u00f3 que \u201cdesde el Episcopado adherimos al debate sobre este tema porque creemos que las cuestiones serias y graves que ata\u00f1en a toda la sociedad deben ser discutidas serenamente poniendo los cosas a favor y en contra para poder enriquerecer las resoluciones que despu\u00e9s los parlamentarios votaran\u201d.<\/span><\/p>\n<p style=\"text-align: justify;\"><span style=\"color: rgb(0, 128, 0);\">Monse\u00f1or Laxague invit\u00f3 a todos los fieles que se acerquen a la celebraci\u00f3n del Domingo de Ramos que acompa\u00f1en el ramo de olivos con la leyenda \u201cVale toda vida\u201d. En el documento conjunto que emitieron las comisiones de Familia y de Comunicaci\u00f3n Social de la Conferencia Episcopal Argentina indicaron: \u201cProponemos preparar los ramos que usaremos en nuestras celebraciones uniendo a ellos la siguiente frase impresa: \u2018Vale toda vida\u2019. El sentido es que esos ramos puedan ser agitados para aclamar la vida. Y entrar en la Semana Santa unidos al Se\u00f1or\u201d. Asimismo, indicaron que la consigna para viralizar en las redes sociales ser\u00e1 #ValeTodaVida y publicaron una propuesta de Oraci\u00f3n de los Fieles para las misas del Domingo de Ramos. <\/span><\/p>\n<p style=\"text-align: justify;\"><span style=\"color: rgb(0, 128, 0);\">Fuente y se puede escuchar el audio: <a title=\"radio maria\" href=\"http:\/\/radiomaria.org.ar\/programacion\/la-comision-episcopal-laicos-familia-pidio-asistir-misa-este-domingo-viralizar-las-redes-sociales-la-frase-vale-toda-vida\/\" target=\"_blank\">http:\/\/radiomaria.org.ar\/programacion\/la-comision-episcopal-laicos-familia-pidio-asistir-misa-este-domingo-viralizar-las-redes-sociales-la-frase-vale-toda-vida\/<\/a><\/span><\/p>\n<!-- AddThis Advanced Settings generic via filter on the_content --><!-- AddThis Share Buttons generic via filter on the_content -->","protected":false},"excerpt":{"rendered":"<p>23\/03\/2018 \u2013 El presidente de la Comisi\u00f3n Episcopal de Laicos y Familia, monse\u00f1or Pedro Laxague, explic\u00f3 en di\u00e1logo con Nestor Rocchiccioli en que consistir\u00e1 la [&hellip;]<!-- AddThis Advanced Settings generic via filter on get_the_excerpt --><!-- AddThis Share Buttons generic via filter on get_the_excerpt --><\/p>\n","protected":false},"author":2,"featured_media":14491,"comment_status":"open","ping_status":"open","sticky":false,"template":"","format":"standard","meta":{"footnotes":""},"categories":[1],"tags":[],"class_list":["post-14490","post","type-post","status-publish","format-standard","has-post-thumbnail","hentry","category-noticiasdiocesanas"],"_links":{"self":[{"href":"https:\/\/obispadodezaratecampana.org\/index.php?rest_route=\/wp\/v2\/posts\/14490","targetHints":{"allow":["GET"]}}],"collection":[{"href":"https:\/\/obispadodezaratecampana.org\/index.php?rest_route=\/wp\/v2\/posts"}],"about":[{"href":"https:\/\/obispadodezaratecampana.org\/index.php?rest_route=\/wp\/v2\/types\/post"}],"author":[{"embeddable":true,"href":"https:\/\/obispadodezaratecampana.org\/index.php?rest_route=\/wp\/v2\/users\/2"}],"replies":[{"embeddable":true,"href":"https:\/\/obispadodezaratecampana.org\/index.php?rest_route=%2Fwp%2Fv2%2Fcomments&post=14490"}],"version-history":[{"count":1,"href":"https:\/\/obispadodezaratecampana.org\/index.php?rest_route=\/wp\/v2\/posts\/14490\/revisions"}],"predecessor-version":[{"id":14492,"href":"https:\/\/obispadodezaratecampana.org\/index.php?rest_route=\/wp\/v2\/posts\/14490\/revisions\/14492"}],"wp:featuredmedia":[{"embeddable":true,"href":"https:\/\/obispadodezaratecampana.org\/index.php?rest_route=\/wp\/v2\/media\/14491"}],"wp:attachment":[{"href":"https:\/\/obispadodezaratecampana.org\/index.php?rest_route=%2Fwp%2Fv2%2Fmedia&parent=14490"}],"wp:term":[{"taxonomy":"category","embeddable":true,"href":"https:\/\/obispadodezaratecampana.org\/index.php?rest_route=%2Fwp%2Fv2%2Fcategories&post=14490"},{"taxonomy":"post_tag","embeddable":true,"href":"https:\/\/obispadodezaratecampana.org\/index.php?rest_route=%2Fwp%2Fv2%2Ftags&post=14490"}],"curies":[{"name":"wp","href":"https:\/\/api.w.org\/{rel}","templated":true}]}}