{"id":14440,"date":"2018-03-15T12:47:41","date_gmt":"2018-03-15T15:47:41","guid":{"rendered":"http:\/\/obispadodezaratecampana.org\/?p=14440"},"modified":"2018-03-15T12:48:43","modified_gmt":"2018-03-15T15:48:43","slug":"obispos-y-sacerdotes-de-la-region-buenos-aires-se-reunieron-bajo-el-lema-apacienta-a-mi-pueblo","status":"publish","type":"post","link":"https:\/\/obispadodezaratecampana.org\/?p=14440","title":{"rendered":"Obispos y sacerdotes de la Regi\u00f3n Buenos Aires se reunieron bajo el lema: \u201cApacienta a mi Pueblo\u201d"},"content":{"rendered":"<p><img fetchpriority=\"high\" decoding=\"async\" class=\"alignnone size-medium wp-image-14441 aligncenter\" src=\"http:\/\/obispadodezaratecampana.org\/wp-content\/uploads\/2018\/03\/28699179_2073339909618513_4908023141969206643_o-300x198.jpg\" alt=\"28699179_2073339909618513_4908023141969206643_o\" width=\"300\" height=\"198\" srcset=\"https:\/\/obispadodezaratecampana.org\/wp-content\/uploads\/2018\/03\/28699179_2073339909618513_4908023141969206643_o-300x198.jpg 300w, https:\/\/obispadodezaratecampana.org\/wp-content\/uploads\/2018\/03\/28699179_2073339909618513_4908023141969206643_o-1024x678.jpg 1024w, https:\/\/obispadodezaratecampana.org\/wp-content\/uploads\/2018\/03\/28699179_2073339909618513_4908023141969206643_o.jpg 1848w\" sizes=\"(max-width: 300px) 100vw, 300px\" \/><\/p>\n<p style=\"text-align: justify;\"><span style=\"color: #003366;\">Para celebrar el V\u00b0 aniversario de la elecci\u00f3n del papa Francisco, junto a la Virgen de Luj\u00e1n y en torno a la figura del Cura Brochero, los obispos y sacerdotes de la Regi\u00f3n Buenos Aires -entre ellos los de la di\u00f3cesis de Lomas de Zamora- se reunieron el 13 de marzo 2018 bajo el lema: \u201cApacienta a mi Pueblo\u201d.<\/span><\/p>\n<p style=\"text-align: justify;\"><span style=\"color: #003366;\">El encuentro de presb\u00edteros comenz\u00f3 con la misa en la bas\u00edlica\u00a0de Nuestra Se\u00f1ora de Luj\u00e1n que presidi\u00f3 el obispo de Mor\u00f3n, monse\u00f1or Jorge V\u00e1zquez, quien hoy adem\u00e1s cumple a\u00f1os.<\/span><\/p>\n<p style=\"text-align: justify;\"><span style=\"color: #003366;\">El nuevo aniversario de la elecci\u00f3n de Francisco y la fiesta de San Jos\u00e9 del Rosario Brochero, \u201cCura Brochero\u201d, patrono del clero argentino, que la Iglesia evoca el 16 de marzo, son \u201cdos acontecimientos estrechamente ligados que expresan un don de Dios para la Iglesia en Argentina y a la vez un desaf\u00edo\u201d, se\u00f1al\u00f3 monse\u00f1or V\u00e1zquez en su homil\u00eda.<\/span><\/p>\n<p style=\"text-align: justify;\"><span style=\"color: #003366;\">\u201cLos tiempos han madurado y la providencia ha querido que el primer papa latinoamericano, argentino, canonizara al primer santo argentino de tierra adentro, el Cura Brochero, cuya figura nos desaf\u00eda y nos anima a renovar sobretodo el entusiasmo para vivir con pasi\u00f3n nuestro ministerio, pasi\u00f3n que en \u00e9l es inagotable, no busca otra cosa que es servir a su gente, estando entre la gente; su liderazgo es el servicio, comparte la vida, las necesidades de su gente, sus luchas, encarnando al Buen Pastor\u201d, subray\u00f3.<\/span><\/p>\n<p style=\"text-align: justify;\"><span style=\"color: #003366;\">Por eso, reconoci\u00f3 que \u201cen la casa de nuestra Madre, la Virgen de Luj\u00e1n, Madre del pueblo del cual formamos parte, en ese pueblo se hunden nuestras ra\u00edces, sobretodo en su gente, en su experiencia hist\u00f3rica, en su cultura, en sus gozos y esperanzas, en sus angustias y luchas, mirando a la Virgen profundizamos nuestra pertenencia al santo pueblo fiel de Dios\u201d.<\/span><\/p>\n<p style=\"text-align: justify;\"><span style=\"color: #003366;\">Monse\u00f1or V\u00e1zquez valor\u00f3 tambi\u00e9n el camino pastoral como Regi\u00f3n Buenos Aires y la formaci\u00f3n permanente de los sacerdotes: \u201cEncomendamos a la Virgen nuestro camino como regi\u00f3n, una adquisici\u00f3n valios\u00edsima nuestro caminar como regi\u00f3n, y especialmente en este encuentro y en este espacio profundizar lo referido a la formaci\u00f3n permanente\u201d.<\/span><\/p>\n<p style=\"text-align: justify;\"><span style=\"color: #003366;\">\u201cEl fundamento de la formaci\u00f3n permanente radica en que todos somos sacerdotes que nos vamos configurando con el coraz\u00f3n del Buen Pastor. El lugar de la formaci\u00f3n permanente es la vida misma, no se trata de cursos, pero el primer \u00e1mbito en el que se desarrolla la formaci\u00f3n permanente es la fraternidad presbiteral. Le pedimos a la Virgen que ella, como madre nuestra, nos alcance gracias para renovar nuestros v\u00ednculos fraternos; adem\u00e1s el pueblo de Dios quiere vernos hermanos, que realmente nos queremos\u201d, dijo.<\/span><\/p>\n<p><span style=\"color: #003366;\"><em>Nuestra di\u00f3cesis particip\u00f3 por primera vez de este encuentro, dado que desde el a\u00f1o 2017 pertenece a la regi\u00f3n Buenos Aires (antes formaba parte de la Platense)<\/em><\/span><\/p>\n<p><span style=\"color: #003366;\"><em>Mons. Pedro Laxague estuvo presente junto al Vicario General Justo Gallego y a los Padres Gabriel Micheli y Pablo Iriarte.<\/em><\/span><\/p>\n<p style=\"text-align: justify;\"><span style=\"color: #003366;\">Fuente y gentileza: Obispado de Lomas de Zamora.<\/span><\/p>\n<!-- AddThis Advanced Settings generic via filter on the_content --><!-- AddThis Share Buttons generic via filter on the_content -->","protected":false},"excerpt":{"rendered":"<p>Para celebrar el V\u00b0 aniversario de la elecci\u00f3n del papa Francisco, junto a la Virgen de Luj\u00e1n y en torno a la figura del Cura [&hellip;]<!-- AddThis Advanced Settings generic via filter on get_the_excerpt --><!-- AddThis Share Buttons generic via filter on get_the_excerpt --><\/p>\n","protected":false},"author":2,"featured_media":14441,"comment_status":"open","ping_status":"open","sticky":false,"template":"","format":"standard","meta":{"footnotes":""},"categories":[5,1],"tags":[],"class_list":["post-14440","post","type-post","status-publish","format-standard","has-post-thumbnail","hentry","category-generales","category-noticiasdiocesanas"],"_links":{"self":[{"href":"https:\/\/obispadodezaratecampana.org\/index.php?rest_route=\/wp\/v2\/posts\/14440","targetHints":{"allow":["GET"]}}],"collection":[{"href":"https:\/\/obispadodezaratecampana.org\/index.php?rest_route=\/wp\/v2\/posts"}],"about":[{"href":"https:\/\/obispadodezaratecampana.org\/index.php?rest_route=\/wp\/v2\/types\/post"}],"author":[{"embeddable":true,"href":"https:\/\/obispadodezaratecampana.org\/index.php?rest_route=\/wp\/v2\/users\/2"}],"replies":[{"embeddable":true,"href":"https:\/\/obispadodezaratecampana.org\/index.php?rest_route=%2Fwp%2Fv2%2Fcomments&post=14440"}],"version-history":[{"count":1,"href":"https:\/\/obispadodezaratecampana.org\/index.php?rest_route=\/wp\/v2\/posts\/14440\/revisions"}],"predecessor-version":[{"id":14442,"href":"https:\/\/obispadodezaratecampana.org\/index.php?rest_route=\/wp\/v2\/posts\/14440\/revisions\/14442"}],"wp:featuredmedia":[{"embeddable":true,"href":"https:\/\/obispadodezaratecampana.org\/index.php?rest_route=\/wp\/v2\/media\/14441"}],"wp:attachment":[{"href":"https:\/\/obispadodezaratecampana.org\/index.php?rest_route=%2Fwp%2Fv2%2Fmedia&parent=14440"}],"wp:term":[{"taxonomy":"category","embeddable":true,"href":"https:\/\/obispadodezaratecampana.org\/index.php?rest_route=%2Fwp%2Fv2%2Fcategories&post=14440"},{"taxonomy":"post_tag","embeddable":true,"href":"https:\/\/obispadodezaratecampana.org\/index.php?rest_route=%2Fwp%2Fv2%2Ftags&post=14440"}],"curies":[{"name":"wp","href":"https:\/\/api.w.org\/{rel}","templated":true}]}}