{"id":14437,"date":"2018-03-12T12:27:53","date_gmt":"2018-03-12T15:27:53","guid":{"rendered":"http:\/\/obispadodezaratecampana.org\/?p=14437"},"modified":"2018-03-15T12:37:34","modified_gmt":"2018-03-15T15:37:34","slug":"carta-al-santo-padre-por-los-5-anos-de-pontificado","status":"publish","type":"post","link":"https:\/\/obispadodezaratecampana.org\/?p=14437","title":{"rendered":"Carta al Santo Padre por los 5 a\u00f1os de Pontificado"},"content":{"rendered":"<p style=\"text-align: right;\"><span style=\"color: #993366;\">Carta al Santo Padre por los 5 a\u00f1os de Pontificado 13\/03\/2018<\/span><br \/>\n<span style=\"color: #993366;\">Prot. Cea N\u00ba 50\/2018<\/span><\/p>\n<p style=\"text-align: right;\"><span style=\"color: #993366;\">Buenos Aires, 6 de marzo de 2018<\/span><\/p>\n<p style=\"text-align: justify;\">\n<p style=\"text-align: justify;\"><span style=\"color: #993366;\">Su Santidad<\/span><br \/>\n<span style=\"color: #993366;\">Francisco<\/span><br \/>\n<span style=\"color: #993366;\">Ciudad del Vaticano<\/span><\/p>\n<p style=\"text-align: justify;\"><span style=\"color: #993366;\">Querido Santo Padre:<\/span><\/p>\n<p style=\"text-align: justify;\"><span style=\"color: #993366;\">En pocos d\u00edas celebraremos cinco a\u00f1os del d\u00eda en que fuera elegido Sumo Pont\u00edfice.<\/span><\/p>\n<p style=\"text-align: justify;\"><span style=\"color: #993366;\">Queremos dar gracias a Dios por este don que es su ministerio de Buen Pastor al servicio de la Iglesia, y expresarle a Usted nuestra cercan\u00eda fraterna que se hace oraci\u00f3n por el desempe\u00f1o fecundo de su misi\u00f3n.<\/span><\/p>\n<p style=\"text-align: justify;\"><span style=\"color: #993366;\">\u00a1Gracias Santo Padre por su entrega generosa a la Iglesia! \u00a1Gracias por su magisterio vibrante a favor de la vida, de los pobres, de la familia y de la casa com\u00fan!<\/span><\/p>\n<p style=\"text-align: justify;\"><span style=\"color: #993366;\">Que la Virgen Sant\u00edsima de Luj\u00e1n lo siga acompa\u00f1ando y sosteniendo en la esperanza.<\/span><\/p>\n<p style=\"text-align: justify;\"><span style=\"color: #993366;\">En uni\u00f3n con nuestro pueblo lo saludamos y pedimos su bendici\u00f3n.<\/span><\/p>\n<p style=\"text-align: justify;\"><span style=\"color: #993366;\">Un afectuoso abrazo en honda comuni\u00f3n.<\/span><\/p>\n<p style=\"text-align: justify;\">\n<p style=\"text-align: justify;\"><span style=\"color: #993366;\">Oscar V. Ojea<\/span><br \/>\n<span style=\"color: #993366;\">Obispo de San Isidro<\/span><br \/>\n<span style=\"color: #993366;\">Presidente de la Conferencia Episcopal Argentina<\/span><\/p>\n<p style=\"text-align: justify;\"><span style=\"color: #993366;\">Carlos H. Malfa<\/span><br \/>\n<span style=\"color: #993366;\">Obispo de Chascom\u00fas<\/span><br \/>\n<span style=\"color: #993366;\">Secretario General<\/span><\/p>\n<!-- AddThis Advanced Settings generic via filter on the_content --><!-- AddThis Share Buttons generic via filter on the_content -->","protected":false},"excerpt":{"rendered":"<p>Carta al Santo Padre por los 5 a\u00f1os de Pontificado 13\/03\/2018 Prot. Cea N\u00ba 50\/2018 Buenos Aires, 6 de marzo de 2018 Su Santidad Francisco [&hellip;]<!-- AddThis Advanced Settings generic via filter on get_the_excerpt --><!-- AddThis Share Buttons generic via filter on get_the_excerpt --><\/p>\n","protected":false},"author":2,"featured_media":14438,"comment_status":"open","ping_status":"open","sticky":false,"template":"","format":"standard","meta":{"footnotes":""},"categories":[5,1],"tags":[],"class_list":["post-14437","post","type-post","status-publish","format-standard","has-post-thumbnail","hentry","category-generales","category-noticiasdiocesanas"],"_links":{"self":[{"href":"https:\/\/obispadodezaratecampana.org\/index.php?rest_route=\/wp\/v2\/posts\/14437","targetHints":{"allow":["GET"]}}],"collection":[{"href":"https:\/\/obispadodezaratecampana.org\/index.php?rest_route=\/wp\/v2\/posts"}],"about":[{"href":"https:\/\/obispadodezaratecampana.org\/index.php?rest_route=\/wp\/v2\/types\/post"}],"author":[{"embeddable":true,"href":"https:\/\/obispadodezaratecampana.org\/index.php?rest_route=\/wp\/v2\/users\/2"}],"replies":[{"embeddable":true,"href":"https:\/\/obispadodezaratecampana.org\/index.php?rest_route=%2Fwp%2Fv2%2Fcomments&post=14437"}],"version-history":[{"count":1,"href":"https:\/\/obispadodezaratecampana.org\/index.php?rest_route=\/wp\/v2\/posts\/14437\/revisions"}],"predecessor-version":[{"id":14439,"href":"https:\/\/obispadodezaratecampana.org\/index.php?rest_route=\/wp\/v2\/posts\/14437\/revisions\/14439"}],"wp:featuredmedia":[{"embeddable":true,"href":"https:\/\/obispadodezaratecampana.org\/index.php?rest_route=\/wp\/v2\/media\/14438"}],"wp:attachment":[{"href":"https:\/\/obispadodezaratecampana.org\/index.php?rest_route=%2Fwp%2Fv2%2Fmedia&parent=14437"}],"wp:term":[{"taxonomy":"category","embeddable":true,"href":"https:\/\/obispadodezaratecampana.org\/index.php?rest_route=%2Fwp%2Fv2%2Fcategories&post=14437"},{"taxonomy":"post_tag","embeddable":true,"href":"https:\/\/obispadodezaratecampana.org\/index.php?rest_route=%2Fwp%2Fv2%2Ftags&post=14437"}],"curies":[{"name":"wp","href":"https:\/\/api.w.org\/{rel}","templated":true}]}}