{"id":14434,"date":"2018-03-15T12:18:14","date_gmt":"2018-03-15T15:18:14","guid":{"rendered":"http:\/\/obispadodezaratecampana.org\/?p=14434"},"modified":"2018-03-15T12:18:14","modified_gmt":"2018-03-15T15:18:14","slug":"viernes-16-de-marzo-de-2018-fiesta-del-santo-cura-brochero-patrono-de-los-sacerdotes-de-la-argentina","status":"publish","type":"post","link":"https:\/\/obispadodezaratecampana.org\/?p=14434","title":{"rendered":"Viernes 16 de marzo de 2018 &#8211; Fiesta del Santo Cura Brochero. Patrono de los sacerdotes de la Argentina"},"content":{"rendered":"<p style=\"text-align: justify;\"><span style=\"color: #800000;\"><strong>Viernes 16 de marzo de 2018 &#8211; Fiesta del Santo Cura Brochero. Patrono de los sacerdotes de la Argentina<\/strong><\/span><\/p>\n<p><img fetchpriority=\"high\" decoding=\"async\" class=\"alignnone size-medium wp-image-14435 aligncenter\" src=\"http:\/\/obispadodezaratecampana.org\/wp-content\/uploads\/2018\/03\/Fiesta-Brochero-16-de-marzo-300x183.jpg\" alt=\"Fiesta Brochero 16 de marzo\" width=\"300\" height=\"183\" srcset=\"https:\/\/obispadodezaratecampana.org\/wp-content\/uploads\/2018\/03\/Fiesta-Brochero-16-de-marzo-300x183.jpg 300w, https:\/\/obispadodezaratecampana.org\/wp-content\/uploads\/2018\/03\/Fiesta-Brochero-16-de-marzo.jpg 800w\" sizes=\"(max-width: 300px) 100vw, 300px\" \/><\/p>\n<p style=\"text-align: justify;\"><span style=\"color: #800000;\">Querido hermano:<\/span><\/p>\n<p style=\"text-align: justify;\"><span style=\"color: #800000;\">Al conmemorar el pr\u00f3ximo 16 de marzo la fiesta nuestro querido San Jos\u00e9 Gabriel del Rosario Brochero, queremos acercarnos a vos para brindarte \u2013 primeramente \u2013 un saludo de coraz\u00f3n.<\/span><\/p>\n<p style=\"text-align: justify;\"><span style=\"color: #800000;\">Celebramos en Brochero un don precioso del Se\u00f1or a toda la Iglesia en Argentina y a nosotros sacerdotes en particular. Esto se manifiesta en cada celebraci\u00f3n de su pascua, los 26 de enero, as\u00ed como en cada celebraci\u00f3n de los Encuentros Nacionales Sacerdotales, que nos re\u00fanen cada tres a\u00f1os en Villa Cura Brochero: ambos son lugares de renovaci\u00f3n de la alegr\u00eda de nuestra entrega y en la fraternidad y comuni\u00f3n sacerdotal que gozamos.<\/span><\/p>\n<p style=\"text-align: justify;\"><span style=\"color: #800000;\">Brochero, con su vida y su ministerio, con sus palabras, sembradas en el coraz\u00f3n de los serranos y en sus cartas y sermones, nos anima a renovar el carisma que hemos recibido con la imposici\u00f3n de las manos. Su figura nos acerca as\u00ed la posibilidad de renovarnos en el entusiasmo de nuestra entrega sacerdotal \u2013aunque no logremos siempre lo que nos proponemos (as\u00ed como a Brochero no le lleg\u00f3 el ferrocarril). Tambi\u00e9n nuestros fracasos y debilidades son potencialidad de enorme fruto pastoral. El Papa Francisco en reiteradas oportunidades y en diferentes \u00e1mbitos suele pedir que \u201cno nos dejemos robar la esperanza\u201d. Ser\u00e1 as\u00ed como, renovando el entusiasmo sacerdotal, los j\u00f3venes sentir\u00e1n atracci\u00f3n e inquietud y se preguntar\u00e1n: \u201c\u00bfpodr\u00e9 entregar la vida como aquel sacerdote y de verdad ser feliz al encontrarla?\u201d As\u00ed, en este a\u00f1o del S\u00ednodo de los J\u00f3venes y del Discernimiento Vocacional podremos colaborar con sencillez y renovado testimonio en la pastoral vocacional de nuestras Iglesias.<\/span><\/p>\n<p style=\"text-align: justify;\"><span style=\"color: #800000;\">En este d\u00eda del padre Brochero compromet\u00e1monos a ayudarnos unos a otros desde nuestra oraci\u00f3n sacerdotal, que parte de la acci\u00f3n de gracias por todos nuestros hermanos sacerdotes. Contamos con ello. Y de parte nuestra, les mandamos un c\u00e1lido abrazo brocheriano.<\/span><\/p>\n<p style=\"text-align: justify;\"><em><span style=\"color: #800000;\">Los obispos de la CEMIN (Comisi\u00f3n Episcopal de Ministerios de la Conferencia Episcopal Argentina)<\/span><\/em><\/p>\n<p style=\"text-align: justify;\">\n<!-- AddThis Advanced Settings generic via filter on the_content --><!-- AddThis Share Buttons generic via filter on the_content -->","protected":false},"excerpt":{"rendered":"<p>Viernes 16 de marzo de 2018 &#8211; Fiesta del Santo Cura Brochero. Patrono de los sacerdotes de la Argentina Querido hermano: Al conmemorar el pr\u00f3ximo [&hellip;]<!-- AddThis Advanced Settings generic via filter on get_the_excerpt --><!-- AddThis Share Buttons generic via filter on get_the_excerpt --><\/p>\n","protected":false},"author":2,"featured_media":14435,"comment_status":"open","ping_status":"open","sticky":false,"template":"","format":"standard","meta":{"footnotes":""},"categories":[5,1],"tags":[],"class_list":["post-14434","post","type-post","status-publish","format-standard","has-post-thumbnail","hentry","category-generales","category-noticiasdiocesanas"],"_links":{"self":[{"href":"https:\/\/obispadodezaratecampana.org\/index.php?rest_route=\/wp\/v2\/posts\/14434","targetHints":{"allow":["GET"]}}],"collection":[{"href":"https:\/\/obispadodezaratecampana.org\/index.php?rest_route=\/wp\/v2\/posts"}],"about":[{"href":"https:\/\/obispadodezaratecampana.org\/index.php?rest_route=\/wp\/v2\/types\/post"}],"author":[{"embeddable":true,"href":"https:\/\/obispadodezaratecampana.org\/index.php?rest_route=\/wp\/v2\/users\/2"}],"replies":[{"embeddable":true,"href":"https:\/\/obispadodezaratecampana.org\/index.php?rest_route=%2Fwp%2Fv2%2Fcomments&post=14434"}],"version-history":[{"count":1,"href":"https:\/\/obispadodezaratecampana.org\/index.php?rest_route=\/wp\/v2\/posts\/14434\/revisions"}],"predecessor-version":[{"id":14436,"href":"https:\/\/obispadodezaratecampana.org\/index.php?rest_route=\/wp\/v2\/posts\/14434\/revisions\/14436"}],"wp:featuredmedia":[{"embeddable":true,"href":"https:\/\/obispadodezaratecampana.org\/index.php?rest_route=\/wp\/v2\/media\/14435"}],"wp:attachment":[{"href":"https:\/\/obispadodezaratecampana.org\/index.php?rest_route=%2Fwp%2Fv2%2Fmedia&parent=14434"}],"wp:term":[{"taxonomy":"category","embeddable":true,"href":"https:\/\/obispadodezaratecampana.org\/index.php?rest_route=%2Fwp%2Fv2%2Fcategories&post=14434"},{"taxonomy":"post_tag","embeddable":true,"href":"https:\/\/obispadodezaratecampana.org\/index.php?rest_route=%2Fwp%2Fv2%2Ftags&post=14434"}],"curies":[{"name":"wp","href":"https:\/\/api.w.org\/{rel}","templated":true}]}}