{"id":14427,"date":"2018-03-09T15:34:07","date_gmt":"2018-03-09T18:34:07","guid":{"rendered":"http:\/\/obispadodezaratecampana.org\/?p=14427"},"modified":"2018-03-09T15:34:07","modified_gmt":"2018-03-09T18:34:07","slug":"asamblea-nacional-2018-de-directores-diocesanos-de-o-m-p-del-27-de-febrero-al-2-de-marzo","status":"publish","type":"post","link":"https:\/\/obispadodezaratecampana.org\/?p=14427","title":{"rendered":"Asamblea Nacional 2018 de Directores Diocesanos de O.M.P. del 27 de febrero al 2 de marzo"},"content":{"rendered":"<h3 style=\"text-align: justify;\"><span style=\"color: #808000;\">\u00a0El Padre Gabriel Micheli representando a nuestra di\u00f3cesis de Z\u00e1rate &#8211; Campana en la Asamblea Nacional 2018 de Directores Diocesanos de O.M.P. del 27 de febrero al 2 de marzo. En la sede de las Obras Misioneras Pontificias, C.A.B.A. En la Misa del primer d\u00eda, los obispos de la Comisi\u00f3n de Misi\u00f3n, Mons. Vicente Bokalic Iclic, Mons. Fernando Croxatto y Mons. Raul Martin, reciben la toma de posesi\u00f3n del nuevo Director Nacional de OMP Pbro. Jorge Faliszek S.M.V. En esta asamblea se compartir\u00e1 las conclusiones del V Congreso Misionero Nacional (celebrado en Neuquen el a\u00f1o pasado ) y tambi\u00e9n nuestra participaci\u00f3n del V C.A.M. (Congreso Misionero Americano) a realizarse en Bolivia en Julio de este a\u00f1o 2018.<\/span><\/h3>\n<p>&nbsp;<\/p>\n<p><a href=\"http:\/\/obispadodezaratecampana.org\/wp-content\/uploads\/2018\/03\/28616531_2068642140088290_7968528304941198676_o.jpg\"><img fetchpriority=\"high\" decoding=\"async\" class=\"alignnone size-medium wp-image-14428\" src=\"http:\/\/obispadodezaratecampana.org\/wp-content\/uploads\/2018\/03\/28616531_2068642140088290_7968528304941198676_o-300x225.jpg\" alt=\"28616531_2068642140088290_7968528304941198676_o\" width=\"300\" height=\"225\" srcset=\"https:\/\/obispadodezaratecampana.org\/wp-content\/uploads\/2018\/03\/28616531_2068642140088290_7968528304941198676_o-300x225.jpg 300w, https:\/\/obispadodezaratecampana.org\/wp-content\/uploads\/2018\/03\/28616531_2068642140088290_7968528304941198676_o-1024x768.jpg 1024w, https:\/\/obispadodezaratecampana.org\/wp-content\/uploads\/2018\/03\/28616531_2068642140088290_7968528304941198676_o.jpg 2000w\" sizes=\"(max-width: 300px) 100vw, 300px\" \/><\/a><\/p>\n<p>&nbsp;<\/p>\n<p><img decoding=\"async\" class=\"alignnone size-medium wp-image-14429 aligncenter\" src=\"http:\/\/obispadodezaratecampana.org\/wp-content\/uploads\/2018\/03\/28827172_2068640820088422_7417821324168282071_o-195x300.jpg\" alt=\"28827172_2068640820088422_7417821324168282071_o\" width=\"195\" height=\"300\" srcset=\"https:\/\/obispadodezaratecampana.org\/wp-content\/uploads\/2018\/03\/28827172_2068640820088422_7417821324168282071_o-195x300.jpg 195w, https:\/\/obispadodezaratecampana.org\/wp-content\/uploads\/2018\/03\/28827172_2068640820088422_7417821324168282071_o-668x1024.jpg 668w, https:\/\/obispadodezaratecampana.org\/wp-content\/uploads\/2018\/03\/28827172_2068640820088422_7417821324168282071_o.jpg 720w\" sizes=\"(max-width: 195px) 100vw, 195px\" \/><\/p>\n<!-- AddThis Advanced Settings generic via filter on the_content --><!-- AddThis Share Buttons generic via filter on the_content -->","protected":false},"excerpt":{"rendered":"<p>\u00a0El Padre Gabriel Micheli representando a nuestra di\u00f3cesis de Z\u00e1rate &#8211; Campana en la Asamblea Nacional 2018 de Directores Diocesanos de O.M.P. del 27 de [&hellip;]<!-- AddThis Advanced Settings generic via filter on get_the_excerpt --><!-- AddThis Share Buttons generic via filter on get_the_excerpt --><\/p>\n","protected":false},"author":2,"featured_media":14428,"comment_status":"open","ping_status":"open","sticky":false,"template":"","format":"standard","meta":{"footnotes":""},"categories":[5,1],"tags":[],"class_list":["post-14427","post","type-post","status-publish","format-standard","has-post-thumbnail","hentry","category-generales","category-noticiasdiocesanas"],"_links":{"self":[{"href":"https:\/\/obispadodezaratecampana.org\/index.php?rest_route=\/wp\/v2\/posts\/14427","targetHints":{"allow":["GET"]}}],"collection":[{"href":"https:\/\/obispadodezaratecampana.org\/index.php?rest_route=\/wp\/v2\/posts"}],"about":[{"href":"https:\/\/obispadodezaratecampana.org\/index.php?rest_route=\/wp\/v2\/types\/post"}],"author":[{"embeddable":true,"href":"https:\/\/obispadodezaratecampana.org\/index.php?rest_route=\/wp\/v2\/users\/2"}],"replies":[{"embeddable":true,"href":"https:\/\/obispadodezaratecampana.org\/index.php?rest_route=%2Fwp%2Fv2%2Fcomments&post=14427"}],"version-history":[{"count":1,"href":"https:\/\/obispadodezaratecampana.org\/index.php?rest_route=\/wp\/v2\/posts\/14427\/revisions"}],"predecessor-version":[{"id":14430,"href":"https:\/\/obispadodezaratecampana.org\/index.php?rest_route=\/wp\/v2\/posts\/14427\/revisions\/14430"}],"wp:featuredmedia":[{"embeddable":true,"href":"https:\/\/obispadodezaratecampana.org\/index.php?rest_route=\/wp\/v2\/media\/14428"}],"wp:attachment":[{"href":"https:\/\/obispadodezaratecampana.org\/index.php?rest_route=%2Fwp%2Fv2%2Fmedia&parent=14427"}],"wp:term":[{"taxonomy":"category","embeddable":true,"href":"https:\/\/obispadodezaratecampana.org\/index.php?rest_route=%2Fwp%2Fv2%2Fcategories&post=14427"},{"taxonomy":"post_tag","embeddable":true,"href":"https:\/\/obispadodezaratecampana.org\/index.php?rest_route=%2Fwp%2Fv2%2Ftags&post=14427"}],"curies":[{"name":"wp","href":"https:\/\/api.w.org\/{rel}","templated":true}]}}