{"id":14411,"date":"2018-03-09T09:00:51","date_gmt":"2018-03-09T12:00:51","guid":{"rendered":"http:\/\/obispadodezaratecampana.org\/?p=14411"},"modified":"2018-03-08T15:50:22","modified_gmt":"2018-03-08T18:50:22","slug":"domingo-18-marzo-iii-encuentro-de-referentes-juveniles-diocesanos","status":"publish","type":"post","link":"https:\/\/obispadodezaratecampana.org\/?p=14411","title":{"rendered":"Domingo 18 marzo: III Encuentro de Referentes Juveniles Diocesanos"},"content":{"rendered":"<h4><span style=\"color: rgb(255, 102, 0);\">\u00a1ATENCI\u00d3N COORDINADORES Y REFERENTES DE GRUPOS Y MOVIMIENTOS DIOCESANOS! <\/span><\/h4>\n<h4><span style=\"color: rgb(255, 102, 0);\">El domingo 18 de Marzo a las 9:30 hs comienza el III Encuentro de Referentes Juveniles D<span class=\"text_exposed_show\">iocesanos.<\/span><\/span><\/h4>\n<h4><span style=\"color: rgb(255, 102, 0);\"><span class=\"text_exposed_show\"> Convocamos a todos los coordinadores de grupos, movimientos o actividad juvenil diocesanos a una reuni\u00f3n d\u00f3nde adem\u00e1s de conocernos, charlaremos sobre nuestra querida Di\u00f3cesis y especialmente sobre el Encuentro Nacional de J\u00f3venes de Rosario. <\/span><\/span><\/h4>\n<h4><span class=\"text_exposed_show\" style=\"color: rgb(255, 102, 0);\">Es important\u00edsima la presencia de cada uno por eso hace todo lo posible para venir!! <\/span><\/h4>\n<h4><span class=\"text_exposed_show\" style=\"color: rgb(255, 102, 0);\">Habr\u00e1 un taller formativo para coordinadores y tambi\u00e9n para los referentes de los movimientos! Finalizamos con Adoraci\u00f3n Eucar\u00edstica hasta las 17 hs. No olvides tu agenda, y una colaboraci\u00f3n de 100 pesos. <\/span><\/h4>\n<h4><span class=\"text_exposed_show\" style=\"color: rgb(255, 102, 0);\">Por favor confirma tu presencia por whatsapp :<\/span><\/h4>\n<h4><span style=\"color: rgb(255, 102, 0);\">03489 15 546154<\/span><\/h4>\n<h4><span style=\"color: rgb(255, 102, 0);\">03489 15 55 5700<\/span><\/h4>\n<h4><span style=\"color: rgb(255, 102, 0);\">Te esperamos en la CoCatedral Natividad del Se\u00f1or, calle Eugenia Tapia de la Cruz 524,\u00a0 Escobar. <\/span><\/h4>\n<h4 style=\"text-align: center;\"><span style=\"color: rgb(255, 102, 0);\">Pastoral de Juventud y Vocacional <\/span><\/h4>\n<h4 style=\"text-align: center;\"><span style=\"color: rgb(255, 102, 0);\">Di\u00f3cesis de Z\u00e1rate &#8211; Campana<\/span><\/h4>\n<h4><span style=\"color: rgb(255, 102, 0);\"><img fetchpriority=\"high\" decoding=\"async\" class=\"alignnone  wp-image-14412 aligncenter\" src=\"http:\/\/obispadodezaratecampana.org\/wp-content\/uploads\/2018\/03\/28783685_757378037793256_8021277716493185527_n-214x300.jpg\" alt=\"28783685_757378037793256_8021277716493185527_n\" width=\"351\" height=\"411\" \/><\/span><\/h4>\n<!-- AddThis Advanced Settings generic via filter on the_content --><!-- AddThis Share Buttons generic via filter on the_content -->","protected":false},"excerpt":{"rendered":"<p>\u00a1ATENCI\u00d3N COORDINADORES Y REFERENTES DE GRUPOS Y MOVIMIENTOS DIOCESANOS! El domingo 18 de Marzo a las 9:30 hs comienza el III Encuentro de Referentes Juveniles [&hellip;]<!-- AddThis Advanced Settings generic via filter on get_the_excerpt --><!-- AddThis Share Buttons generic via filter on get_the_excerpt --><\/p>\n","protected":false},"author":2,"featured_media":14412,"comment_status":"open","ping_status":"open","sticky":false,"template":"","format":"standard","meta":{"footnotes":""},"categories":[4,1],"tags":[],"class_list":["post-14411","post","type-post","status-publish","format-standard","has-post-thumbnail","hentry","category-movimientosinstituciones","category-noticiasdiocesanas"],"_links":{"self":[{"href":"https:\/\/obispadodezaratecampana.org\/index.php?rest_route=\/wp\/v2\/posts\/14411","targetHints":{"allow":["GET"]}}],"collection":[{"href":"https:\/\/obispadodezaratecampana.org\/index.php?rest_route=\/wp\/v2\/posts"}],"about":[{"href":"https:\/\/obispadodezaratecampana.org\/index.php?rest_route=\/wp\/v2\/types\/post"}],"author":[{"embeddable":true,"href":"https:\/\/obispadodezaratecampana.org\/index.php?rest_route=\/wp\/v2\/users\/2"}],"replies":[{"embeddable":true,"href":"https:\/\/obispadodezaratecampana.org\/index.php?rest_route=%2Fwp%2Fv2%2Fcomments&post=14411"}],"version-history":[{"count":1,"href":"https:\/\/obispadodezaratecampana.org\/index.php?rest_route=\/wp\/v2\/posts\/14411\/revisions"}],"predecessor-version":[{"id":14414,"href":"https:\/\/obispadodezaratecampana.org\/index.php?rest_route=\/wp\/v2\/posts\/14411\/revisions\/14414"}],"wp:featuredmedia":[{"embeddable":true,"href":"https:\/\/obispadodezaratecampana.org\/index.php?rest_route=\/wp\/v2\/media\/14412"}],"wp:attachment":[{"href":"https:\/\/obispadodezaratecampana.org\/index.php?rest_route=%2Fwp%2Fv2%2Fmedia&parent=14411"}],"wp:term":[{"taxonomy":"category","embeddable":true,"href":"https:\/\/obispadodezaratecampana.org\/index.php?rest_route=%2Fwp%2Fv2%2Fcategories&post=14411"},{"taxonomy":"post_tag","embeddable":true,"href":"https:\/\/obispadodezaratecampana.org\/index.php?rest_route=%2Fwp%2Fv2%2Ftags&post=14411"}],"curies":[{"name":"wp","href":"https:\/\/api.w.org\/{rel}","templated":true}]}}