{"id":14407,"date":"2018-03-08T09:49:34","date_gmt":"2018-03-08T12:49:34","guid":{"rendered":"http:\/\/obispadodezaratecampana.org\/?p=14407"},"modified":"2018-03-08T09:49:34","modified_gmt":"2018-03-08T12:49:34","slug":"dia-de-la-mujer-8-de-marzo-vida-plena-para-todas-las-mujeres","status":"publish","type":"post","link":"https:\/\/obispadodezaratecampana.org\/?p=14407","title":{"rendered":"D\u00eda de la mujer 8 de marzo: Vida Plena para todas las mujeres"},"content":{"rendered":"<h5 style=\"color: #1d2129; text-align: justify;\"><span style=\"color: rgb(0, 128, 128);\">Queridas Mujeres: Nuestro Obispo Pedro las tiene muy presentes en este d\u00eda y reza por ustedes. Compartimos el saludo de la Comisi\u00f3n Episcopal de Laicos y Familia que el preside.<\/span><\/h5>\n<h5 style=\"color: #1d2129; text-align: justify;\"><span style=\"color: rgb(0, 128, 128);\">D\u00eda de la mujer 8 de marzo<\/span><\/h5>\n<h5 style=\"color: #1d2129; text-align: justify;\"><span style=\"color: rgb(0, 128, 128);\">Vida Plena para todas las mujeres<\/span><\/h5>\n<h5 style=\"color: #1d2129; text-align: justify;\"><span style=\"color: rgb(0, 128, 128);\">Departamento de Laicos (DEPLAI) \u2013 \u00c1rea de la Mujer<\/span><br \/>\n<span style=\"color: rgb(0, 128, 128);\">Comisi\u00f3n Episcopal de Laicos y Familia (CELAF)<\/span><br \/>\n<span style=\"color: rgb(0, 128, 128);\">Conferencia Episcopal Argentina<\/span><\/h5>\n<h5 style=\"color: #1d2129; text-align: justify;\"><span style=\"color: rgb(0, 128, 128);\">El D\u00eda Internacional de la Mujer conmemora el denodado trabajo que hacen las mujeres por su participaci\u00f3n en la sociedad y en su desarrollo integral como personas, en igualdad con los varones. Es un d\u00eda para pensar acerca del valor y la dignidad de cada mujer, dignidad que se vio y se ve opacada en muchos momentos de la historia y en muchos lugares del mundo. De hecho, la cuesti\u00f3n de las mujeres es un signo de los tiempos (GS 9,4)<\/span><br \/>\n<span style=\"color: rgb(0, 128, 128);\">No hablamos de \u201cla mujer\u201d como una idea abstracta sino de las mujeres concretas que viven, trabajan, estudian, crecen, luchan, gozan y sufren. Los rostros conocidos y los desconocidos.<\/span><br \/>\n<span style=\"color: rgb(0, 128, 128);\">Desde nuestra fe cristiana, tenemos, adem\u00e1s, muchos motivos para avalar la com\u00fan dignidad de varones y mujeres. Desde el inicio, la Biblia nos habla de ese valor, al decirnos que Dios cre\u00f3 al hombre var\u00f3n y mujer y al finalizar su obra ve y goza con la maravilla que ha creado (Gn. 1, 26-31).<\/span><br \/>\n<span style=\"color: rgb(0, 128, 128);\">Jes\u00fas tiene disc\u00edpulos y tambi\u00e9n disc\u00edpulas que lo acompa\u00f1aron en su misi\u00f3n, lo siguieron hasta la cruz y fueron testigos de la resurrecci\u00f3n. El documento de Aparecida, fruto de la reuni\u00f3n de la V Conferencia Episcopal Latinoamericana, habla en diversos lugares de la necesidad de trabajar en la promoci\u00f3n integral de las mujeres (n\u00ba 451-458). Y la reflexi\u00f3n del Papa Francisco sigue por esa l\u00ednea, en la exhortaci\u00f3n sobre el amor en la familia, \u00e9l ve \u201cuna obra del Esp\u00edritu en el reconocimiento m\u00e1s claro de la dignidad de la mujer y de sus derechos\u201d (AL, 54).\u00a0<\/span><br \/>\n<span style=\"color: rgb(0, 128, 128);\">Francisco da un paso m\u00e1s y denuncia la violencia ejercida contra ellas: \u201cNo se terminan de erradicar costumbres inaceptables. Destaco la vergonzosa violencia que a veces se ejerce sobre las mujeres, el maltrato familiar y distintas formas de esclavitud que no constituyen una muestra de fuerza masculina sino una cobarde degradaci\u00f3n (\u2026) Pienso en la grave mutilaci\u00f3n genital de la mujer en algunas culturas, pero tambi\u00e9n en la desigualdad del acceso a puestos de trabajo dignos y a los lugares donde se toman las decisiones.\u201d (AL, 54).<\/span><br \/>\n<span style=\"color: rgb(0, 128, 128);\">Yendo a nuestra realidad argentina, queda claro que no s\u00f3lo hay que hablar a favor de la dignidad de las mujeres, sino tambi\u00e9n emprender un trabajo concreto para erradicar toda forma de maltrato, violencia o inequidad contra ellas. Es una tarea que tenemos que reclamar a las instituciones y a las autoridades pero que comienza tambi\u00e9n en nuestras casas, entre nuestros amigos y en nuestras comunidades.\u00a0<\/span><br \/>\n<span style=\"color: rgb(0, 128, 128);\">Anhelamos la vida plena, justa y digna, especialmente para aquellas mujeres pobres, marginadas, que no tienen acceso a la salud o a la educaci\u00f3n y que a menudo cr\u00edan solas a sus hijos, atienden a los mayores de la familia y trabajan duramente en medio de enormes dificultades. Ellas nos dan continuamente testimonio de la defensa de la vida. A todas las mujeres, pero especialmente a ellas, saludamos en este d\u00eda, nos comprometemos a trabajar para que tengan una vida m\u00e1s justa y digna y le pedimos al Se\u00f1or por intercesi\u00f3n de Mar\u00eda, la mujer nueva, que las bendiga, las cuide y acompa\u00f1e.<\/span><\/h5>\n<p><img fetchpriority=\"high\" decoding=\"async\" class=\"alignnone size-medium wp-image-14408 aligncenter\" src=\"http:\/\/obispadodezaratecampana.org\/wp-content\/uploads\/2018\/03\/rosas-300x199.jpg\" alt=\"rosas\" width=\"300\" height=\"199\" srcset=\"https:\/\/obispadodezaratecampana.org\/wp-content\/uploads\/2018\/03\/rosas-300x199.jpg 300w, https:\/\/obispadodezaratecampana.org\/wp-content\/uploads\/2018\/03\/rosas.jpg 626w\" sizes=\"(max-width: 300px) 100vw, 300px\" \/><\/p>\n<!-- AddThis Advanced Settings generic via filter on the_content --><!-- AddThis Share Buttons generic via filter on the_content -->","protected":false},"excerpt":{"rendered":"<p>Queridas Mujeres: Nuestro Obispo Pedro las tiene muy presentes en este d\u00eda y reza por ustedes. Compartimos el saludo de la Comisi\u00f3n Episcopal de Laicos [&hellip;]<!-- AddThis Advanced Settings generic via filter on get_the_excerpt --><!-- AddThis Share Buttons generic via filter on get_the_excerpt --><\/p>\n","protected":false},"author":2,"featured_media":14408,"comment_status":"open","ping_status":"open","sticky":false,"template":"","format":"standard","meta":{"footnotes":""},"categories":[5,1],"tags":[],"class_list":["post-14407","post","type-post","status-publish","format-standard","has-post-thumbnail","hentry","category-generales","category-noticiasdiocesanas"],"_links":{"self":[{"href":"https:\/\/obispadodezaratecampana.org\/index.php?rest_route=\/wp\/v2\/posts\/14407","targetHints":{"allow":["GET"]}}],"collection":[{"href":"https:\/\/obispadodezaratecampana.org\/index.php?rest_route=\/wp\/v2\/posts"}],"about":[{"href":"https:\/\/obispadodezaratecampana.org\/index.php?rest_route=\/wp\/v2\/types\/post"}],"author":[{"embeddable":true,"href":"https:\/\/obispadodezaratecampana.org\/index.php?rest_route=\/wp\/v2\/users\/2"}],"replies":[{"embeddable":true,"href":"https:\/\/obispadodezaratecampana.org\/index.php?rest_route=%2Fwp%2Fv2%2Fcomments&post=14407"}],"version-history":[{"count":1,"href":"https:\/\/obispadodezaratecampana.org\/index.php?rest_route=\/wp\/v2\/posts\/14407\/revisions"}],"predecessor-version":[{"id":14410,"href":"https:\/\/obispadodezaratecampana.org\/index.php?rest_route=\/wp\/v2\/posts\/14407\/revisions\/14410"}],"wp:featuredmedia":[{"embeddable":true,"href":"https:\/\/obispadodezaratecampana.org\/index.php?rest_route=\/wp\/v2\/media\/14408"}],"wp:attachment":[{"href":"https:\/\/obispadodezaratecampana.org\/index.php?rest_route=%2Fwp%2Fv2%2Fmedia&parent=14407"}],"wp:term":[{"taxonomy":"category","embeddable":true,"href":"https:\/\/obispadodezaratecampana.org\/index.php?rest_route=%2Fwp%2Fv2%2Fcategories&post=14407"},{"taxonomy":"post_tag","embeddable":true,"href":"https:\/\/obispadodezaratecampana.org\/index.php?rest_route=%2Fwp%2Fv2%2Ftags&post=14407"}],"curies":[{"name":"wp","href":"https:\/\/api.w.org\/{rel}","templated":true}]}}