{"id":14400,"date":"2018-03-06T10:16:19","date_gmt":"2018-03-06T13:16:19","guid":{"rendered":"http:\/\/obispadodezaratecampana.org\/?p=14400"},"modified":"2018-03-06T11:16:25","modified_gmt":"2018-03-06T14:16:25","slug":"179o-reunion-la-comision-permanente-de-la-conferencia-episcopal-argentina","status":"publish","type":"post","link":"https:\/\/obispadodezaratecampana.org\/?p=14400","title":{"rendered":"179\u00ba reuni\u00f3n la Comisi\u00f3n Permanente de la Conferencia Episcopal Argentina"},"content":{"rendered":"<div id=\"js_5n\" class=\"_5pbx userContent _3576\" style=\"font-weight: normal;\" data-ft=\"{&quot;tn&quot;:&quot;K&quot;}\">\n<div id=\"id_5a9e922099e2a3c24714785\" class=\"text_exposed_root text_exposed\">\n<p style=\"text-align: justify;\"><span style=\"color: #003366;\">Los d\u00edas 6 y 7 de marzo, en la sede de Suipacha 1032 (CABA) tendr\u00e1 su 179\u00ba reuni\u00f3n la Comisi\u00f3n Permanente de la Conferencia Episcopal Argentina (CEA), que preside Mons. Oscar Ojea, obispo de San Isidro.<\/span><\/p>\n<p style=\"text-align: justify;\"><span style=\"color: #003366;\">Las deliberaciones comenzar\u00e1n a las 9 con un intercambio de ideas, un espacio habitual en el que los obispos expresan su parecer sobre la realidad pastoral y social de las distintas regiones del pa\u00eds.<\/span><\/p>\n<p style=\"text-align: justify;\"><span style=\"color: #003366;\">Por la tarde, el equipo de Pastoral constituido en la \u00faltima asamblea plenar<span class=\"text_exposed_show\">ia presentar\u00e1 sus avances y sus propuestas. Luego, la Comisi\u00f3n Ejecutiva informar\u00e1 sobre su visita al papa Francisco que realiz\u00f3 en febrero y, m\u00e1s tarde, se avanzar\u00e1 sobre la actualizaci\u00f3n de algunos puntos de los estatutos de la CEA.<\/span><\/span><\/p>\n<div class=\"text_exposed_show\">\n<p style=\"text-align: justify;\"><span style=\"color: #003366;\">El mi\u00e9rcoles, se hablar\u00e1 del II Encuentro Nacional de Juventud que se realizar\u00e1 los d\u00edas 25, 26 y 27 de mayo en la ciudad santafesina de Rosario. A continuaci\u00f3n, se aprobar\u00e1n algunos estatutos de comisiones episcopales y se preparar\u00e1 el temario de la pr\u00f3xima asamblea plenaria, que tendr\u00e1 lugar del 16 al 21 de abril.<\/span><\/p>\n<p style=\"text-align: justify;\"><span style=\"color: #003366;\">La Comisi\u00f3n Permanente de la CEA est\u00e1 integrada por 22 obispos: los miembros de la Comisi\u00f3n Ejecutiva, los presidentes de las comisiones episcopales estables y los obispos delegados de cada regi\u00f3n pastoral del pa\u00eds. Tambi\u00e9n participan como invitados el obispo presidente de la Comisi\u00f3n Episcopal para C\u00e1ritas y el nuncio apost\u00f3lico, o en su ausencia, el encargado de negocios de la Nunciatura.\u00a0<\/span><br \/>\n<span style=\"color: #003366;\">La Comisi\u00f3n Permanente se re\u00fane de manera ordinaria tres veces al a\u00f1o y, de acuerdo a los estatutos de la CEA, tiene como objetivo mantener \u201cuna atenci\u00f3n pastoral constante sobre la realidad argentina, tanto general como regional, procurando reconocer en ella los desaf\u00edos que presenta a la acci\u00f3n evangelizadora\u201d. En respuesta a ello \u201cpropone a la Asamblea Plenaria las grandes l\u00edneas u opciones pastorales para su oportuna consideraci\u00f3n\u201d.<\/span><\/p>\n<p><img decoding=\"async\" class=\"alignnone size-full wp-image-14401 aligncenter\" src=\"http:\/\/obispadodezaratecampana.org\/wp-content\/uploads\/2018\/03\/cea.jpg\" alt=\"cea\" width=\"300\" height=\"141\" \/><\/p>\n<\/div>\n<\/div>\n<\/div>\n<div class=\"_3x-2\" data-ft=\"{&quot;tn&quot;:&quot;H&quot;}\">\n<div style=\"color: #1d2129;\" data-ft=\"{&quot;tn&quot;:&quot;H&quot;}\"><\/div>\n<div style=\"color: #1d2129;\">\n<div class=\"_5r69 _sds _1hvl\">\n<div class=\"mts\">\n<div data-ft=\"{&quot;tn&quot;:&quot;H&quot;}\">\n<div class=\"mtm\">\n<div>\n<div class=\"_5cq3\" data-ft=\"{&quot;tn&quot;:&quot;E&quot;}\"><a class=\"_4-eo _2t9n\" style=\"color: #365899;\" href=\"https:\/\/www.facebook.com\/prensacea\/photos\/a.131513930264218.34643.131506840264927\/1681868738562055\/?type=3\" rel=\"theater\" data-ploi=\"https:\/\/scontent.faep8-2.fna.fbcdn.net\/v\/t1.0-9\/28685481_1681868741895388_4736213926545457152_n.jpg?_nc_eui2=v1%3AAeGp2OoC37OV8apdgqk-wItjMGPmgdHjDEwF2J0s-0rv8qQMh-EgrDuDfjiLE2YHW0UYuQbOgD5m5KPH7T0oZOfI9iGsWJ--1cYfCZEPKV6Fjw&amp;oh=db55474b0847018079a4a91b130089a7&amp;oe=5B4A39A2\" data-render-location=\"homepage_stream\">\u00a0<\/a><\/div>\n<\/div>\n<\/div>\n<\/div>\n<\/div>\n<\/div>\n<\/div>\n<\/div>\n<!-- AddThis Advanced Settings generic via filter on the_content --><!-- AddThis Share Buttons generic via filter on the_content -->","protected":false},"excerpt":{"rendered":"<p>Los d\u00edas 6 y 7 de marzo, en la sede de Suipacha 1032 (CABA) tendr\u00e1 su 179\u00ba reuni\u00f3n la Comisi\u00f3n Permanente de la Conferencia Episcopal [&hellip;]<!-- AddThis Advanced Settings generic via filter on get_the_excerpt --><!-- AddThis Share Buttons generic via filter on get_the_excerpt --><\/p>\n","protected":false},"author":2,"featured_media":14404,"comment_status":"open","ping_status":"open","sticky":false,"template":"","format":"standard","meta":{"footnotes":""},"categories":[5,1],"tags":[],"class_list":["post-14400","post","type-post","status-publish","format-standard","has-post-thumbnail","hentry","category-generales","category-noticiasdiocesanas"],"_links":{"self":[{"href":"https:\/\/obispadodezaratecampana.org\/index.php?rest_route=\/wp\/v2\/posts\/14400","targetHints":{"allow":["GET"]}}],"collection":[{"href":"https:\/\/obispadodezaratecampana.org\/index.php?rest_route=\/wp\/v2\/posts"}],"about":[{"href":"https:\/\/obispadodezaratecampana.org\/index.php?rest_route=\/wp\/v2\/types\/post"}],"author":[{"embeddable":true,"href":"https:\/\/obispadodezaratecampana.org\/index.php?rest_route=\/wp\/v2\/users\/2"}],"replies":[{"embeddable":true,"href":"https:\/\/obispadodezaratecampana.org\/index.php?rest_route=%2Fwp%2Fv2%2Fcomments&post=14400"}],"version-history":[{"count":1,"href":"https:\/\/obispadodezaratecampana.org\/index.php?rest_route=\/wp\/v2\/posts\/14400\/revisions"}],"predecessor-version":[{"id":14403,"href":"https:\/\/obispadodezaratecampana.org\/index.php?rest_route=\/wp\/v2\/posts\/14400\/revisions\/14403"}],"wp:featuredmedia":[{"embeddable":true,"href":"https:\/\/obispadodezaratecampana.org\/index.php?rest_route=\/wp\/v2\/media\/14404"}],"wp:attachment":[{"href":"https:\/\/obispadodezaratecampana.org\/index.php?rest_route=%2Fwp%2Fv2%2Fmedia&parent=14400"}],"wp:term":[{"taxonomy":"category","embeddable":true,"href":"https:\/\/obispadodezaratecampana.org\/index.php?rest_route=%2Fwp%2Fv2%2Fcategories&post=14400"},{"taxonomy":"post_tag","embeddable":true,"href":"https:\/\/obispadodezaratecampana.org\/index.php?rest_route=%2Fwp%2Fv2%2Ftags&post=14400"}],"curies":[{"name":"wp","href":"https:\/\/api.w.org\/{rel}","templated":true}]}}