{"id":14397,"date":"2018-03-02T15:53:26","date_gmt":"2018-03-02T18:53:26","guid":{"rendered":"http:\/\/obispadodezaratecampana.org\/?p=14397"},"modified":"2018-03-02T15:53:26","modified_gmt":"2018-03-02T18:53:26","slug":"jornada-de-oracion-propuesta-por-el-santo-padre-viernes-9-y-sabado-10-de-marzo","status":"publish","type":"post","link":"https:\/\/obispadodezaratecampana.org\/?p=14397","title":{"rendered":"Jornada de Oraci\u00f3n propuesta por el Santo Padre: viernes 9 y s\u00e1bado 10 de marzo."},"content":{"rendered":"<h2 style=\"text-align: center;\"><span style=\"color: #666699;\">Jornada de Oraci\u00f3n<\/span><\/h2>\n<h2 style=\"text-align: center;\"><span style=\"color: #666699;\">Viernes 9 y s\u00e1bado 10 de marzo 2018<\/span><\/h2>\n<h2 style=\"text-align: justify;\">\n<span style=\"color: #666699;\">Nuestro Obispo Pedro alienta a que en las comunidades se lleve a cabo la iniciativa <em>\u00ab24 horas para el Se\u00f1or\u00bb<\/em> propuesta por el Papa Francisco en su mensaje de Cuaresma 2018.<\/span><\/h2>\n<h2 style=\"text-align: justify;\"><span style=\"color: #666699;\">Esta consiste en que el viernes 9 y s\u00e1bado 10 de marzo se celebre el Sacramento de la Reconciliaci\u00f3n en un contexto de adoraci\u00f3n eucar\u00edstica.<\/span><\/h2>\n<h2 style=\"text-align: justify;\"><span style=\"color: #666699;\">Para m\u00e1s informaci\u00f3n ver en el siguiente enlace:<\/span><\/h2>\n<h2 style=\"text-align: justify;\"><span style=\"color: #666699;\"><a title=\"francisco\" href=\"https:\/\/w2.vatican.va\/content\/francesco\/es\/messages\/lent\/documents\/papa-francesco_20171101_messaggio-quaresima2018.html\" target=\"_blank\"><span style=\"color: #666699;\">https:\/\/w2.vatican.va\/content\/francesco\/es\/messages\/lent\/documents\/papa-francesco_20171101_messaggio-quaresima2018.html<\/span><\/a><\/span><\/h2>\n<!-- AddThis Advanced Settings generic via filter on the_content --><!-- AddThis Share Buttons generic via filter on the_content -->","protected":false},"excerpt":{"rendered":"<p>Jornada de Oraci\u00f3n Viernes 9 y s\u00e1bado 10 de marzo 2018 Nuestro Obispo Pedro alienta a que en las comunidades se lleve a cabo la [&hellip;]<!-- AddThis Advanced Settings generic via filter on get_the_excerpt --><!-- AddThis Share Buttons generic via filter on get_the_excerpt --><\/p>\n","protected":false},"author":2,"featured_media":14398,"comment_status":"open","ping_status":"open","sticky":false,"template":"","format":"standard","meta":{"footnotes":""},"categories":[161,1],"tags":[],"class_list":["post-14397","post","type-post","status-publish","format-standard","has-post-thumbnail","hentry","category-el-papa-leonxiv","category-noticiasdiocesanas"],"_links":{"self":[{"href":"https:\/\/obispadodezaratecampana.org\/index.php?rest_route=\/wp\/v2\/posts\/14397","targetHints":{"allow":["GET"]}}],"collection":[{"href":"https:\/\/obispadodezaratecampana.org\/index.php?rest_route=\/wp\/v2\/posts"}],"about":[{"href":"https:\/\/obispadodezaratecampana.org\/index.php?rest_route=\/wp\/v2\/types\/post"}],"author":[{"embeddable":true,"href":"https:\/\/obispadodezaratecampana.org\/index.php?rest_route=\/wp\/v2\/users\/2"}],"replies":[{"embeddable":true,"href":"https:\/\/obispadodezaratecampana.org\/index.php?rest_route=%2Fwp%2Fv2%2Fcomments&post=14397"}],"version-history":[{"count":1,"href":"https:\/\/obispadodezaratecampana.org\/index.php?rest_route=\/wp\/v2\/posts\/14397\/revisions"}],"predecessor-version":[{"id":14399,"href":"https:\/\/obispadodezaratecampana.org\/index.php?rest_route=\/wp\/v2\/posts\/14397\/revisions\/14399"}],"wp:featuredmedia":[{"embeddable":true,"href":"https:\/\/obispadodezaratecampana.org\/index.php?rest_route=\/wp\/v2\/media\/14398"}],"wp:attachment":[{"href":"https:\/\/obispadodezaratecampana.org\/index.php?rest_route=%2Fwp%2Fv2%2Fmedia&parent=14397"}],"wp:term":[{"taxonomy":"category","embeddable":true,"href":"https:\/\/obispadodezaratecampana.org\/index.php?rest_route=%2Fwp%2Fv2%2Fcategories&post=14397"},{"taxonomy":"post_tag","embeddable":true,"href":"https:\/\/obispadodezaratecampana.org\/index.php?rest_route=%2Fwp%2Fv2%2Ftags&post=14397"}],"curies":[{"name":"wp","href":"https:\/\/api.w.org\/{rel}","templated":true}]}}