{"id":14354,"date":"2018-02-11T22:05:44","date_gmt":"2018-02-12T01:05:44","guid":{"rendered":"http:\/\/obispadodezaratecampana.org\/?p=14354"},"modified":"2018-02-11T22:05:44","modified_gmt":"2018-02-12T01:05:44","slug":"cuando-santa-escolastica-enseno-a-su-hermano-san-benito-que-mas-puede-quien-mas-ama","status":"publish","type":"post","link":"https:\/\/obispadodezaratecampana.org\/?p=14354","title":{"rendered":"Cuando santa Escol\u00e1stica ense\u00f1\u00f3 a su hermano san Benito que m\u00e1s puede quien m\u00e1s ama"},"content":{"rendered":"<div class=\"post-text\" style=\"color: #000000;\">\n<div data-io-article-url=\"https:\/\/es.aleteia.org\/2017\/04\/26\/dos-hermanos-santos-y-la-leccion-de-una-noche-lluviosa\/\">\n<h2 class=\"subtitle\" style=\"font-weight: 500; font-style: italic; color: #000000;\"><span style=\"color: #008000;\">Cuando santa Escol\u00e1stica ense\u00f1\u00f3 a su hermano san Benito que m\u00e1s puede quien m\u00e1s ama<\/span><\/h2>\n<p style=\"text-align: center;\"><a href=\"http:\/\/obispadodezaratecampana.org\/wp-content\/uploads\/2018\/02\/benito.png\"><img decoding=\"async\" class=\"alignnone size-medium wp-image-14355\" src=\"http:\/\/obispadodezaratecampana.org\/wp-content\/uploads\/2018\/02\/benito-300x150.png\" alt=\"benito\" width=\"300\" height=\"150\" srcset=\"https:\/\/obispadodezaratecampana.org\/wp-content\/uploads\/2018\/02\/benito-300x150.png 300w, https:\/\/obispadodezaratecampana.org\/wp-content\/uploads\/2018\/02\/benito.png 620w\" sizes=\"(max-width: 300px) 100vw, 300px\" \/><\/a><\/p>\n<h3 class=\"subtitle\"><strong><span style=\"color: #008000;\">Santa Escol\u00e1stica &#8211; 10 de febrero<\/span><\/strong><\/h3>\n<p class=\"subtitle\"><span style=\"color: #008000;\">Santa Escol\u00e1stica, hermana de san Benito, consagrada al Se\u00f1or desde la infancia, acostumbraba a visitar a su hermano una vez al a\u00f1os. El hombre de Dios se encontraba con ella en un local pr\u00f3ximo al monasterio.<\/span><\/p>\n<p class=\"subtitle\"><span style=\"color: #008000;\">Un d\u00eda lleg\u00f3 ella, como todos los a\u00f1os, al tradicional encuentro de su venerable hermano con algunos disc\u00edpulos. Pasaron todo el en la gloria de Dios y en santa conversaci\u00f3n, de manera que ya se aproximaba la oscuridad de la noche cuando se sentaron a la mesa para comer algo.<\/span><\/p>\n<p class=\"subtitle\"><span style=\"color: #008000;\">En medio de su santa conversaci\u00f3n fue pasando el tiempo y se hizo muy tarde; la santa religiosa le implor\u00f3 con estas palabras:<\/span><\/p>\n<p class=\"subtitle\"><span style=\"color: #008000;\">-Te pido, hermano, que no me dejes esta noche, para que podamos continuar hasta ma\u00f1ana hablando sobre las alegr\u00edas de la vida celestial.<\/span><\/p>\n<p class=\"subtitle\"><span style=\"color: #008000;\">Pero \u00e9l le respondi\u00f3:<\/span><\/p>\n<p class=\"subtitle\"><span style=\"color: #008000;\">-\u00bfQu\u00e9 est\u00e1s diciendo, hermana? De ninguna manera puedo pasar la noche fuera de mi celda.<\/span><\/p>\n<p class=\"subtitle\"><span style=\"color: #008000;\">Mientras tanto, Escol\u00e1stica, al o\u00edr el rechazo de su hermano, puso sobre la mesa las manos con los dedos entrelazados, inclin\u00f3 la cabeza sobre ellas e implor\u00f3 al Se\u00f1or Omnipotente. Cuando levant\u00f3 la cabeza de la mesa, estall\u00f3 una gran tormenta, con tan fuertes rel\u00e1mpagos, truenos y aguaceros que ni el venerable Benito ni los hermanos que se encontraban con \u00e9l pod\u00edan pensar en salir del lugar donde estaban reunidos.<\/span><\/p>\n<p class=\"subtitle\"><span style=\"color: #008000;\">Como hombre de Dios, viendo que no pod\u00eda regresar al monasterio, se empez\u00f3 a lamentar diciendo:<\/span><\/p>\n<p class=\"subtitle\"><span style=\"color: #008000;\">-Dios te perdone, hermana. \u00bfQu\u00e9 hiciste?<\/span><\/p>\n<p class=\"subtitle\"><span style=\"color: #008000;\">A lo que ella respondi\u00f3:<\/span><\/p>\n<p class=\"subtitle\"><span style=\"color: #008000;\">-Mira, yo te ped\u00ed y no me quisiste escuchar. Ped\u00ed a mi Dios y \u00c9l me respondi\u00f3. Ahora, si puedes, vete; desp\u00eddete de m\u00ed y vuelve al monasterio.<\/span><\/p>\n<p class=\"subtitle\"><span style=\"color: #008000;\">Y Benito, que no hab\u00eda querido quedarse all\u00ed espont\u00e1neamente, tuvo que quedarse contra su voluntad. Y as\u00ed pasaron toda la noche en vigilia, anim\u00e1ndose uno al otro con santos coloquios sobre la vida espiritual.<\/span><\/p>\n<p class=\"subtitle\"><span style=\"color: #008000;\">No nos admiremos de que esa mujer tuviera m\u00e1s poder que \u00e9l: si en verdad, como dice Juan, Dios es amor, es razonable sentencia que tuviera m\u00e1s poder la que m\u00e1s am\u00f3.<\/span><\/p>\n<p class=\"subtitle\"><span style=\"color: #008000;\">Tres d\u00edas despu\u00e9s, encontr\u00e1ndose el hombre de Dios en su celda con los ojos levantados al cielo, vio el alma de su hermana, libre del cuerpo, en la figura de una paloma, entrando al interior de la morada celestial. Entonces, contento con una gloria tan grande que le hab\u00eda sido concedida a ella, dio gracias a Dios Omnipotente con himnos y c\u00e1nticos de alabanza y envi\u00f3 a algunos hermanos a buscar el cuerpo y llevarlo al monasterio, donde fue depositado en la tumba que \u00e9l ten\u00eda preparada para s\u00ed.<\/span><\/p>\n<p class=\"subtitle\"><span style=\"color: #008000;\">Y as\u00ed, ni la tumba separ\u00f3 a los que siempre hab\u00edan estado unidos en Dios.<\/span><\/p>\n<p><span style=\"color: #008000;\">__________<\/span><\/p>\n<p><span style=\"color: #008000;\"><em>De los Di\u00e1logos de San Gregorio Magno, Papa (siglo VI) &#8211; Fuente: ALETEIA\u00a0<\/em><\/span><\/p>\n<\/div>\n<div class=\"row\"><\/div>\n<div id=\"postuparticleinline\"><\/div>\n<div id=\"end-of-article\"><\/div>\n<\/div>\n<p>&nbsp;<\/p>\n<!-- AddThis Advanced Settings generic via filter on the_content --><!-- AddThis Share Buttons generic via filter on the_content -->","protected":false},"excerpt":{"rendered":"<p>Cuando santa Escol\u00e1stica ense\u00f1\u00f3 a su hermano san Benito que m\u00e1s puede quien m\u00e1s ama Santa Escol\u00e1stica &#8211; 10 de febrero Santa Escol\u00e1stica, hermana de [&hellip;]<!-- AddThis Advanced Settings generic via filter on get_the_excerpt --><!-- AddThis Share Buttons generic via filter on get_the_excerpt --><\/p>\n","protected":false},"author":2,"featured_media":14355,"comment_status":"open","ping_status":"open","sticky":false,"template":"","format":"standard","meta":{"footnotes":""},"categories":[1,166],"tags":[],"class_list":["post-14354","post","type-post","status-publish","format-standard","has-post-thumbnail","hentry","category-noticiasdiocesanas","category-santoral"],"_links":{"self":[{"href":"https:\/\/obispadodezaratecampana.org\/index.php?rest_route=\/wp\/v2\/posts\/14354","targetHints":{"allow":["GET"]}}],"collection":[{"href":"https:\/\/obispadodezaratecampana.org\/index.php?rest_route=\/wp\/v2\/posts"}],"about":[{"href":"https:\/\/obispadodezaratecampana.org\/index.php?rest_route=\/wp\/v2\/types\/post"}],"author":[{"embeddable":true,"href":"https:\/\/obispadodezaratecampana.org\/index.php?rest_route=\/wp\/v2\/users\/2"}],"replies":[{"embeddable":true,"href":"https:\/\/obispadodezaratecampana.org\/index.php?rest_route=%2Fwp%2Fv2%2Fcomments&post=14354"}],"version-history":[{"count":1,"href":"https:\/\/obispadodezaratecampana.org\/index.php?rest_route=\/wp\/v2\/posts\/14354\/revisions"}],"predecessor-version":[{"id":14356,"href":"https:\/\/obispadodezaratecampana.org\/index.php?rest_route=\/wp\/v2\/posts\/14354\/revisions\/14356"}],"wp:featuredmedia":[{"embeddable":true,"href":"https:\/\/obispadodezaratecampana.org\/index.php?rest_route=\/wp\/v2\/media\/14355"}],"wp:attachment":[{"href":"https:\/\/obispadodezaratecampana.org\/index.php?rest_route=%2Fwp%2Fv2%2Fmedia&parent=14354"}],"wp:term":[{"taxonomy":"category","embeddable":true,"href":"https:\/\/obispadodezaratecampana.org\/index.php?rest_route=%2Fwp%2Fv2%2Fcategories&post=14354"},{"taxonomy":"post_tag","embeddable":true,"href":"https:\/\/obispadodezaratecampana.org\/index.php?rest_route=%2Fwp%2Fv2%2Ftags&post=14354"}],"curies":[{"name":"wp","href":"https:\/\/api.w.org\/{rel}","templated":true}]}}