{"id":14351,"date":"2018-02-11T21:44:15","date_gmt":"2018-02-12T00:44:15","guid":{"rendered":"http:\/\/obispadodezaratecampana.org\/?p=14351"},"modified":"2018-02-11T21:44:15","modified_gmt":"2018-02-12T00:44:15","slug":"el-11-de-febrero-de-2013-benedicto-xvi-anunciaba-publicamente-su-renuncia-al-ministerio-petrino-dejando-la-sede-vacante-en-espera-de-un-sucesor","status":"publish","type":"post","link":"https:\/\/obispadodezaratecampana.org\/?p=14351","title":{"rendered":"El 11 de febrero de 2013 Benedicto XVI anunciaba p\u00fablicamente su renuncia al ministerio petrino dejando la Sede vacante en espera de un sucesor"},"content":{"rendered":"<p style=\"text-align: center;\">\n<h4 style=\"text-align: center;\"><span style=\"color: #800000;\">Benedicto XVI en el consistorio en el que anunci\u00f3 su renuncia al ministerio petrino.<\/span><\/h4>\n<h4 style=\"text-align: center;\"><span style=\"color: #800000;\"><img fetchpriority=\"high\" decoding=\"async\" class=\"alignnone size-medium wp-image-14352\" src=\"http:\/\/obispadodezaratecampana.org\/wp-content\/uploads\/2018\/02\/27751895_1919167348094294_5940784641718765962_n-227x300.jpg\" alt=\"27751895_1919167348094294_5940784641718765962_n\" width=\"227\" height=\"300\" srcset=\"https:\/\/obispadodezaratecampana.org\/wp-content\/uploads\/2018\/02\/27751895_1919167348094294_5940784641718765962_n-227x300.jpg 227w, https:\/\/obispadodezaratecampana.org\/wp-content\/uploads\/2018\/02\/27751895_1919167348094294_5940784641718765962_n.jpg 567w\" sizes=\"(max-width: 227px) 100vw, 227px\" \/><\/span><\/h4>\n<p><span style=\"color: #800000;\">El 11 de febrero de 2013 Benedicto XVI anunciaba p\u00fablicamente su renuncia al ministerio petrino dejando la Sede vacante en espera de un sucesor.<\/span><\/p>\n<p><span style=\"color: #800000;\">La noticia de la renuncia de Benedicto XVI el 11 de febrero de 2013, tom\u00f3 a todos por sorpresa marcando para siempre la historia de la Iglesia, con un gesto de valent\u00eda y humildad por parte del actual Papa em\u00e9rito.<\/span><\/p>\n<p><span style=\"color: #800000;\">Se cumplen 5 a\u00f1os de aquel d\u00eda, y a\u00fan resuenan sus palabras pronunciadas en lat\u00edn al colegio cardenalicio, expresando su renuncia al ministerio de Obispo de Roma:<\/span><\/p>\n<p><span style=\"color: #800000;\">\u00abPor esto, siendo muy consciente de la seriedad de este acto, con plena libertad, declaro que renuncio al ministerio de Obispo de Roma, Sucesor de San Pedro, que me fue confiado por medio de los Cardenales el 19 de abril de 2005, de forma que, desde el 28 de febrero de 2013, a las 20.00 horas, la sede de Roma, la sede de San Pedro, quedar\u00e1 vacante y deber\u00e1 ser convocado, por medio de quien tiene competencias, el c\u00f3nclave para la elecci\u00f3n del nuevo Sumo Pont\u00edfice\u00bb.<\/span><\/p>\n<p><span style=\"color: #800000;\">En este video rememoramos las im\u00e1genes de aquel momento, junto con su posterior encuentro con el nuevo Sucesor de Pedro, el Papa Francisco, as\u00ed como su despedida y traslado al Castel Gandolfo.<\/span><\/p>\n<p><a title=\"benedicto\" href=\"https:\/\/www.youtube.com\/watch?v=DbWT8S8nIKs\" target=\"_blank\"><span style=\"color: #800000;\">https:\/\/www.youtube.com\/watch?v=DbWT8S8nIKs<\/span><\/a><\/p>\n<p>&nbsp;<\/p>\n<p>&nbsp;<\/p>\n<p style=\"text-align: center;\">\n<!-- AddThis Advanced Settings generic via filter on the_content --><!-- AddThis Share Buttons generic via filter on the_content -->","protected":false},"excerpt":{"rendered":"<p>Benedicto XVI en el consistorio en el que anunci\u00f3 su renuncia al ministerio petrino. El 11 de febrero de 2013 Benedicto XVI anunciaba p\u00fablicamente su [&hellip;]<!-- AddThis Advanced Settings generic via filter on get_the_excerpt --><!-- AddThis Share Buttons generic via filter on get_the_excerpt --><\/p>\n","protected":false},"author":2,"featured_media":14352,"comment_status":"open","ping_status":"open","sticky":false,"template":"","format":"standard","meta":{"footnotes":""},"categories":[5,1,8],"tags":[],"class_list":["post-14351","post","type-post","status-publish","format-standard","has-post-thumbnail","hentry","category-generales","category-noticiasdiocesanas","category-videos"],"_links":{"self":[{"href":"https:\/\/obispadodezaratecampana.org\/index.php?rest_route=\/wp\/v2\/posts\/14351","targetHints":{"allow":["GET"]}}],"collection":[{"href":"https:\/\/obispadodezaratecampana.org\/index.php?rest_route=\/wp\/v2\/posts"}],"about":[{"href":"https:\/\/obispadodezaratecampana.org\/index.php?rest_route=\/wp\/v2\/types\/post"}],"author":[{"embeddable":true,"href":"https:\/\/obispadodezaratecampana.org\/index.php?rest_route=\/wp\/v2\/users\/2"}],"replies":[{"embeddable":true,"href":"https:\/\/obispadodezaratecampana.org\/index.php?rest_route=%2Fwp%2Fv2%2Fcomments&post=14351"}],"version-history":[{"count":1,"href":"https:\/\/obispadodezaratecampana.org\/index.php?rest_route=\/wp\/v2\/posts\/14351\/revisions"}],"predecessor-version":[{"id":14353,"href":"https:\/\/obispadodezaratecampana.org\/index.php?rest_route=\/wp\/v2\/posts\/14351\/revisions\/14353"}],"wp:featuredmedia":[{"embeddable":true,"href":"https:\/\/obispadodezaratecampana.org\/index.php?rest_route=\/wp\/v2\/media\/14352"}],"wp:attachment":[{"href":"https:\/\/obispadodezaratecampana.org\/index.php?rest_route=%2Fwp%2Fv2%2Fmedia&parent=14351"}],"wp:term":[{"taxonomy":"category","embeddable":true,"href":"https:\/\/obispadodezaratecampana.org\/index.php?rest_route=%2Fwp%2Fv2%2Fcategories&post=14351"},{"taxonomy":"post_tag","embeddable":true,"href":"https:\/\/obispadodezaratecampana.org\/index.php?rest_route=%2Fwp%2Fv2%2Ftags&post=14351"}],"curies":[{"name":"wp","href":"https:\/\/api.w.org\/{rel}","templated":true}]}}