{"id":14347,"date":"2018-02-11T21:25:25","date_gmt":"2018-02-12T00:25:25","guid":{"rendered":"http:\/\/obispadodezaratecampana.org\/?p=14347"},"modified":"2018-02-11T21:25:25","modified_gmt":"2018-02-12T00:25:25","slug":"papa-francisco-contemplar-a-jesus-como-el-verdadero-medico-de-los-cuerpos-y-las-almas","status":"publish","type":"post","link":"https:\/\/obispadodezaratecampana.org\/?p=14347","title":{"rendered":"Papa Francisco: \u201ccontemplar a Jes\u00fas como el verdadero m\u00e9dico de los cuerpos y las almas\u201d"},"content":{"rendered":"<p><span style=\"color: rgb(128, 0, 128);\">El Papa en el \u00c1ngelus: \u201cninguna enfermedad es causa de impureza\u201d<\/span><\/p>\n<p><span style=\"color: rgb(128, 0, 128);\">En el D\u00eda Mundial del enfermo 2018, el Papa Francisco invita a \u201ccontemplar a Jes\u00fas como el verdadero m\u00e9dico de los cuerpos y las almas\u201d antes de rezar la oraci\u00f3n mariana del \u00c1ngelus<\/span><\/p>\n<p><span style=\"color: rgb(128, 0, 128);\">Mireia Bonilla \u2013 Ciudad del Vaticano<\/span><\/p>\n<p><span style=\"color: rgb(128, 0, 128);\">En el D\u00eda Mundial del Enfermo de este a\u00f1o, que adem\u00e1s coincide con la memoria lit\u00fargica de la Sant\u00edsima Virgen de Lourdes, el Papa Francisco invit\u00f3, antes de rezar la oraci\u00f3n mariana del \u00c1ngelus, a \u201ccontemplar a Jes\u00fas como el verdadero m\u00e9dico de los cuerpos y las almas\u201d.<\/span><\/p>\n<p><span style=\"color: rgb(128, 0, 128);\">La purificaci\u00f3n y audacia de Jes\u00fas sana al leproso<\/span><\/p>\n<p><span style=\"color: rgb(128, 0, 128);\">Francisco puntualiza que el hecho m\u00e1s inquietante es que \u201cJes\u00fas toca al leproso\u201d algo que estaba absolutamente prohibido por la ley mosaica ya que significaba estar infectado incluso dentro en el esp\u00edritu, es decir, \u201cvolverse impuro\u201d. Y lo m\u00e1s sorprendente en este caso es que el leproso no transmite el contagio a Jes\u00fas, sino que Jes\u00fas transmite al leproso la purificaci\u00f3n. Una curaci\u00f3n en la que admiramos, adem\u00e1s de la compasi\u00f3n, \u201cla audacia de Jes\u00fas\u201d, que no est\u00e1 preocupado con el contagio, sino que se mueve solo \u201cpor la voluntad de liberar a ese hombre de la maldici\u00f3n que lo oprime\u201d se\u00f1al\u00f3 el Santo Padre.<\/span><\/p>\n<p><span style=\"color: rgb(128, 0, 128);\">El pecado nos hace impuros<\/span><\/p>\n<p><span style=\"color: rgb(128, 0, 128);\">El Papa adem\u00e1s afirm\u00f3 que \u201cninguna enfermedad es causa de impureza\u201d ni \u201cafecta o impide su relaci\u00f3n con Dios\u201d, de hecho, se\u00f1al\u00f3 \u2013 \u201cuna persona enferma puede estar a\u00fan m\u00e1s unida a Dios\u201d. Sin embargo, lo que s\u00ed que nos convierte en impuros es \u201cel pecado\u201d. Francisco record\u00f3 que el ego\u00edsmo y el orgullo, incluso entrar en el mundo de la corrupci\u00f3n \u201cson enfermedades del coraz\u00f3n de las que debemos ser limpiados, recurriendo a Jes\u00fas como el leproso\u201d. Y para liberarnos, debemos acercamos al sacramento de la Reconciliaci\u00f3n \u201ccon un coraz\u00f3n arrepentido\u201d y es as\u00ed que la lepra del pecado \u201cdesaparece\u201d y volvemos a vivir con alegr\u00eda nuestra relaci\u00f3n filial con Dios. <\/span><\/p>\n<p><span style=\"color: rgb(128, 0, 128);\">Fuente: Vatican News<\/span><\/p>\n<p>&nbsp;<\/p>\n<!-- AddThis Advanced Settings generic via filter on the_content --><!-- AddThis Share Buttons generic via filter on the_content -->","protected":false},"excerpt":{"rendered":"<p>El Papa en el \u00c1ngelus: \u201cninguna enfermedad es causa de impureza\u201d En el D\u00eda Mundial del enfermo 2018, el Papa Francisco invita a \u201ccontemplar a [&hellip;]<!-- AddThis Advanced Settings generic via filter on get_the_excerpt --><!-- AddThis Share Buttons generic via filter on get_the_excerpt --><\/p>\n","protected":false},"author":2,"featured_media":14349,"comment_status":"open","ping_status":"open","sticky":false,"template":"","format":"standard","meta":{"footnotes":""},"categories":[161,1],"tags":[],"class_list":["post-14347","post","type-post","status-publish","format-standard","has-post-thumbnail","hentry","category-el-papa-leonxiv","category-noticiasdiocesanas"],"_links":{"self":[{"href":"https:\/\/obispadodezaratecampana.org\/index.php?rest_route=\/wp\/v2\/posts\/14347","targetHints":{"allow":["GET"]}}],"collection":[{"href":"https:\/\/obispadodezaratecampana.org\/index.php?rest_route=\/wp\/v2\/posts"}],"about":[{"href":"https:\/\/obispadodezaratecampana.org\/index.php?rest_route=\/wp\/v2\/types\/post"}],"author":[{"embeddable":true,"href":"https:\/\/obispadodezaratecampana.org\/index.php?rest_route=\/wp\/v2\/users\/2"}],"replies":[{"embeddable":true,"href":"https:\/\/obispadodezaratecampana.org\/index.php?rest_route=%2Fwp%2Fv2%2Fcomments&post=14347"}],"version-history":[{"count":1,"href":"https:\/\/obispadodezaratecampana.org\/index.php?rest_route=\/wp\/v2\/posts\/14347\/revisions"}],"predecessor-version":[{"id":14350,"href":"https:\/\/obispadodezaratecampana.org\/index.php?rest_route=\/wp\/v2\/posts\/14347\/revisions\/14350"}],"wp:featuredmedia":[{"embeddable":true,"href":"https:\/\/obispadodezaratecampana.org\/index.php?rest_route=\/wp\/v2\/media\/14349"}],"wp:attachment":[{"href":"https:\/\/obispadodezaratecampana.org\/index.php?rest_route=%2Fwp%2Fv2%2Fmedia&parent=14347"}],"wp:term":[{"taxonomy":"category","embeddable":true,"href":"https:\/\/obispadodezaratecampana.org\/index.php?rest_route=%2Fwp%2Fv2%2Fcategories&post=14347"},{"taxonomy":"post_tag","embeddable":true,"href":"https:\/\/obispadodezaratecampana.org\/index.php?rest_route=%2Fwp%2Fv2%2Ftags&post=14347"}],"curies":[{"name":"wp","href":"https:\/\/api.w.org\/{rel}","templated":true}]}}