{"id":14341,"date":"2018-02-08T14:58:45","date_gmt":"2018-02-08T17:58:45","guid":{"rendered":"http:\/\/obispadodezaratecampana.org\/?p=14341"},"modified":"2018-02-08T14:58:45","modified_gmt":"2018-02-08T17:58:45","slug":"obra-en-parroquia-ntra-sra-del-rosario-de-san-nicolas","status":"publish","type":"post","link":"https:\/\/obispadodezaratecampana.org\/?p=14341","title":{"rendered":"Obra en Parroquia Ntra Sra del Rosario de San Nicolas"},"content":{"rendered":"<p style=\"text-align: center;\"><strong><span style=\"color: #808000;\">Aviso de la Parroquia Ntra Sra del Rosario de San Nicolas, <\/span><\/strong><\/p>\n<p style=\"text-align: center;\"><span style=\"color: #808000;\"><span style=\"color: #808000;\"><b>Parada Robles, Exaltaci\u00f3n\u00a0de la Cruz\u00a0<\/b><\/span><\/span><\/p>\n<p style=\"text-align: center;\"><strong><span style=\"color: #808000;\">Secretaria Parroquial Martes y Viernes de 17 a 19 hs<\/span><\/strong><br \/>\n<strong><span style=\"color: #808000;\">\u00a0Tel. 02323 478572<\/span><\/strong><\/p>\n<p style=\"text-align: center;\"><img fetchpriority=\"high\" decoding=\"async\" class=\"alignnone  wp-image-14342\" src=\"http:\/\/obispadodezaratecampana.org\/wp-content\/uploads\/2018\/02\/Pquia-Robles-212x300.jpg\" alt=\"Pquia Robles\" width=\"264\" height=\"374\" srcset=\"https:\/\/obispadodezaratecampana.org\/wp-content\/uploads\/2018\/02\/Pquia-Robles-212x300.jpg 212w, https:\/\/obispadodezaratecampana.org\/wp-content\/uploads\/2018\/02\/Pquia-Robles.jpg 640w\" sizes=\"(max-width: 264px) 100vw, 264px\" \/><\/p>\n<p style=\"text-align: justify;\"><span style=\"color: rgb(128, 128, 0);\">Continuamos con las obras en la Parroquia y necesitamos de tu colaboraci\u00f3n<\/span><br \/>\n<span style=\"color: rgb(128, 128, 0);\">\u00a0 \u00a0 \u00a0 \u00a0 \u00a0 \u00a0 \u00a0 \u00a0 \u00a0******************************************************<\/span><br \/>\n<span style=\"color: rgb(128, 128, 0);\">Podes solicitar el &#8220;Bono Donaci\u00f3n&#8221; luego de cada misa, en la secretar\u00eda parroquial.\u00a0<\/span><\/p>\n<p style=\"text-align: justify;\"><span style=\"color: rgb(128, 128, 0);\">Queridos hermanos de TODA la Parroquia Ntra. Sra. Del Rosario de San Nicol\u00e1s:<\/span><br \/>\n<span style=\"color: rgb(128, 128, 0);\">Te pido cinco minutos para que leas esto que te quiero compartir:<\/span><br \/>\n<span style=\"color: rgb(128, 128, 0);\">En la Iglesia la comunidad parroquial debe ser \u201ccasa y escuela de comuni\u00f3n\u201d, una comunidad viva que contagie la alegr\u00eda del Evangelio y que convoque a otros a participar e integrar nuestra familia. Pero esta \u201ccasa espiritual\u201d debe contar con espacios f\u00edsicos adecuados a la misi\u00f3n que tenemos, lugar para reunir a todos los miembros de la parroquia, espacio de encuentros, de formaci\u00f3n, catequesis, educaci\u00f3n, para atender m\u00e1s y mejor en la caridad a los que vienen a buscar ayuda, espacios para ni\u00f1os j\u00f3venes y adultos, etc. Debemos tener una casa grande para que muchos sean los que entren!<\/span><br \/>\n<span style=\"color: rgb(128, 128, 0);\">Y hoy lo necesitamos!! &#8230; en la Sede parroquial s\u00f3lo hay un espacio com\u00fan (no se pueden realizar actividades simultaneas), hay una provisoria vivienda para el sacerdote, como tambi\u00e9n una improvisada secretar\u00eda para atender lo mejor que podemos a los que se acercan a la parroquia a solicitar algo, y el peque\u00f1o espacio de CARITAS tambi\u00e9n limita mucho las posibilidades de ayudar m\u00e1s y generar nuevos proyectos.<\/span><br \/>\n<span style=\"color: rgb(128, 128, 0);\">Por eso, como ya muchos saben hemos retomado las obras edilicias en la Sede Parroquial; aspiramos en esta etapa a edificar cuatro aulas y casa parroquial para el sacerdote. La obra es grande y los recursos econ\u00f3micos son pocos. Por eso hemos lanzado para cubrir una primera peque\u00f1a parte de los gastos de la obra un \u201cBono Donaci\u00f3n\u201d con el valor de $250. Especialmente a los parroquianos m\u00e1s cercanos les pido que lo difundan y ayuden. Alguno podr\u00e1 comprar un solo bono; otros, m\u00e1s de un bono; y otros menos, pero que lo podr\u00edan adquirir uno entre varias personas.<\/span><br \/>\n<span style=\"color: rgb(128, 128, 0);\">Es importante, que todos de alguna manera colaboremos, para sentirnos y saber que somos miembros de una comunidad parroquial y por lo tanto responsables de toda la parroquia. El P\u00e1rroco es el Pastor, pero no el due\u00f1o de la parroquia, tampoco ning\u00fan laico o laica es due\u00f1o\u2026somos todos miembros vivos de la comunidad y compartimos la responsabilidad y la misma misi\u00f3n.<\/span><br \/>\n<span style=\"color: rgb(128, 128, 0);\">La Iglesia y la parroquia ser\u00e1 la \u201ccasa de todos y para todos\u201d si cada uno colaboramos con lo que podemos, no nos encerramos en nuestro peque\u00f1o grupo o capilla, no nos sentimos due\u00f1o de nada, y decidimos vivir para Gloria de Dios y el bien de nuestros hermanos.<\/span><br \/>\n<span style=\"color: rgb(128, 128, 0);\">En este tiempo de Navidad, es lindo pensar en nuestro ser iglesia y comunidad, porque para eso Dios se hizo hombre y naci\u00f3 en Bel\u00e9n, para salvar a los hombres\u2026 pero para salvarlos en comunidad, en iglesia, en familia. Naci\u00f3 para ser Salvador de todos, y para hacer de TODOS UNA iglesia. La Iglesia Cuerpo de Cristo, contin\u00faa en la historia el misterio de la Encarnaci\u00f3n; Ella, nosotros, colaboramos a que Jes\u00fas siga naciendo en el coraz\u00f3n de nuestros hermanos.<\/span><br \/>\n<span style=\"color: rgb(128, 128, 0);\">Deseando la gloria de Dios y el mayor bien de todo esto para ustedes, les deseo una feliz Navidad.<\/span><br \/>\n<span style=\"color: rgb(128, 128, 0);\">Mi abrazo cordial, el P. Fernando y del Di\u00e1cono Ricardo,<\/span><br \/>\n<span style=\"color: rgb(128, 128, 0);\">Padre Hugo<\/span><\/p>\n<!-- AddThis Advanced Settings generic via filter on the_content --><!-- AddThis Share Buttons generic via filter on the_content -->","protected":false},"excerpt":{"rendered":"<p>Aviso de la Parroquia Ntra Sra del Rosario de San Nicolas, Parada Robles, Exaltaci\u00f3n\u00a0de la Cruz\u00a0 Secretaria Parroquial Martes y Viernes de 17 a 19 [&hellip;]<!-- AddThis Advanced Settings generic via filter on get_the_excerpt --><!-- AddThis Share Buttons generic via filter on get_the_excerpt --><\/p>\n","protected":false},"author":2,"featured_media":14342,"comment_status":"open","ping_status":"open","sticky":false,"template":"","format":"standard","meta":{"footnotes":""},"categories":[3],"tags":[],"class_list":["post-14341","post","type-post","status-publish","format-standard","has-post-thumbnail","hentry","category-noticiasparroquiales"],"_links":{"self":[{"href":"https:\/\/obispadodezaratecampana.org\/index.php?rest_route=\/wp\/v2\/posts\/14341","targetHints":{"allow":["GET"]}}],"collection":[{"href":"https:\/\/obispadodezaratecampana.org\/index.php?rest_route=\/wp\/v2\/posts"}],"about":[{"href":"https:\/\/obispadodezaratecampana.org\/index.php?rest_route=\/wp\/v2\/types\/post"}],"author":[{"embeddable":true,"href":"https:\/\/obispadodezaratecampana.org\/index.php?rest_route=\/wp\/v2\/users\/2"}],"replies":[{"embeddable":true,"href":"https:\/\/obispadodezaratecampana.org\/index.php?rest_route=%2Fwp%2Fv2%2Fcomments&post=14341"}],"version-history":[{"count":1,"href":"https:\/\/obispadodezaratecampana.org\/index.php?rest_route=\/wp\/v2\/posts\/14341\/revisions"}],"predecessor-version":[{"id":14343,"href":"https:\/\/obispadodezaratecampana.org\/index.php?rest_route=\/wp\/v2\/posts\/14341\/revisions\/14343"}],"wp:featuredmedia":[{"embeddable":true,"href":"https:\/\/obispadodezaratecampana.org\/index.php?rest_route=\/wp\/v2\/media\/14342"}],"wp:attachment":[{"href":"https:\/\/obispadodezaratecampana.org\/index.php?rest_route=%2Fwp%2Fv2%2Fmedia&parent=14341"}],"wp:term":[{"taxonomy":"category","embeddable":true,"href":"https:\/\/obispadodezaratecampana.org\/index.php?rest_route=%2Fwp%2Fv2%2Fcategories&post=14341"},{"taxonomy":"post_tag","embeddable":true,"href":"https:\/\/obispadodezaratecampana.org\/index.php?rest_route=%2Fwp%2Fv2%2Ftags&post=14341"}],"curies":[{"name":"wp","href":"https:\/\/api.w.org\/{rel}","templated":true}]}}