{"id":14270,"date":"2017-12-08T21:13:44","date_gmt":"2017-12-09T00:13:44","guid":{"rendered":"http:\/\/obispadodezaratecampana.org\/?p=14270"},"modified":"2017-12-08T21:13:44","modified_gmt":"2017-12-09T00:13:44","slug":"18-de-diciembre-ix-peregrinacion-de-piedad-ecumenica-basilica-de-lujan","status":"publish","type":"post","link":"https:\/\/obispadodezaratecampana.org\/?p=14270","title":{"rendered":"18 de diciembre IX Peregrinaci\u00f3n de Piedad Ecum\u00e9nica: Bas\u00edlica de Luj\u00e1n"},"content":{"rendered":"<h3 style=\"text-align: justify;\"><span style=\"color: rgb(0, 128, 128);\">Como es tradici\u00f3n el lunes anterior a Navidad se realiza la Peregrinaci\u00f3n de Piedad Ecum\u00e9nica a la Bas\u00edlica de Luj\u00e1n.<\/span><\/h3>\n<h3 style=\"text-align: justify;\"><span style=\"color: rgb(0, 128, 128);\">Este a\u00f1o la convocatoria es el lunes 18 de diciembre a las 15 hs en la Basilica.<\/span><\/h3>\n<h3 style=\"text-align: justify;\"><span style=\"color: rgb(0, 128, 128);\">Traslado: A las 14 hs saldr\u00e1 un colectivo de la Catedral Santa Florentina. Para los que deseen viajar de este modo contactarse hasta el mi\u00e9rcoles 13\/12 a los tel\u00e9fonos 03489 423153\/ 03489 420234<\/span><\/h3>\n<p style=\"text-align: center;\"><img fetchpriority=\"high\" decoding=\"async\" class=\"alignnone size-medium wp-image-14271\" src=\"http:\/\/obispadodezaratecampana.org\/wp-content\/uploads\/2017\/12\/24879986_2020540428231795_8149996293213724969_o-300x300.jpg\" alt=\"24879986_2020540428231795_8149996293213724969_o\" width=\"300\" height=\"300\" srcset=\"https:\/\/obispadodezaratecampana.org\/wp-content\/uploads\/2017\/12\/24879986_2020540428231795_8149996293213724969_o-300x300.jpg 300w, https:\/\/obispadodezaratecampana.org\/wp-content\/uploads\/2017\/12\/24879986_2020540428231795_8149996293213724969_o-150x150.jpg 150w, https:\/\/obispadodezaratecampana.org\/wp-content\/uploads\/2017\/12\/24879986_2020540428231795_8149996293213724969_o-1024x1024.jpg 1024w, https:\/\/obispadodezaratecampana.org\/wp-content\/uploads\/2017\/12\/24879986_2020540428231795_8149996293213724969_o.jpg 1080w\" sizes=\"(max-width: 300px) 100vw, 300px\" \/><\/p>\n<!-- AddThis Advanced Settings generic via filter on the_content --><!-- AddThis Share Buttons generic via filter on the_content -->","protected":false},"excerpt":{"rendered":"<p>Como es tradici\u00f3n el lunes anterior a Navidad se realiza la Peregrinaci\u00f3n de Piedad Ecum\u00e9nica a la Bas\u00edlica de Luj\u00e1n. Este a\u00f1o la convocatoria es [&hellip;]<!-- AddThis Advanced Settings generic via filter on get_the_excerpt --><!-- AddThis Share Buttons generic via filter on get_the_excerpt --><\/p>\n","protected":false},"author":2,"featured_media":14271,"comment_status":"open","ping_status":"open","sticky":false,"template":"","format":"standard","meta":{"footnotes":""},"categories":[1],"tags":[],"class_list":["post-14270","post","type-post","status-publish","format-standard","has-post-thumbnail","hentry","category-noticiasdiocesanas"],"_links":{"self":[{"href":"https:\/\/obispadodezaratecampana.org\/index.php?rest_route=\/wp\/v2\/posts\/14270","targetHints":{"allow":["GET"]}}],"collection":[{"href":"https:\/\/obispadodezaratecampana.org\/index.php?rest_route=\/wp\/v2\/posts"}],"about":[{"href":"https:\/\/obispadodezaratecampana.org\/index.php?rest_route=\/wp\/v2\/types\/post"}],"author":[{"embeddable":true,"href":"https:\/\/obispadodezaratecampana.org\/index.php?rest_route=\/wp\/v2\/users\/2"}],"replies":[{"embeddable":true,"href":"https:\/\/obispadodezaratecampana.org\/index.php?rest_route=%2Fwp%2Fv2%2Fcomments&post=14270"}],"version-history":[{"count":1,"href":"https:\/\/obispadodezaratecampana.org\/index.php?rest_route=\/wp\/v2\/posts\/14270\/revisions"}],"predecessor-version":[{"id":14272,"href":"https:\/\/obispadodezaratecampana.org\/index.php?rest_route=\/wp\/v2\/posts\/14270\/revisions\/14272"}],"wp:featuredmedia":[{"embeddable":true,"href":"https:\/\/obispadodezaratecampana.org\/index.php?rest_route=\/wp\/v2\/media\/14271"}],"wp:attachment":[{"href":"https:\/\/obispadodezaratecampana.org\/index.php?rest_route=%2Fwp%2Fv2%2Fmedia&parent=14270"}],"wp:term":[{"taxonomy":"category","embeddable":true,"href":"https:\/\/obispadodezaratecampana.org\/index.php?rest_route=%2Fwp%2Fv2%2Fcategories&post=14270"},{"taxonomy":"post_tag","embeddable":true,"href":"https:\/\/obispadodezaratecampana.org\/index.php?rest_route=%2Fwp%2Fv2%2Ftags&post=14270"}],"curies":[{"name":"wp","href":"https:\/\/api.w.org\/{rel}","templated":true}]}}