{"id":14247,"date":"2017-12-02T20:19:29","date_gmt":"2017-12-02T23:19:29","guid":{"rendered":"http:\/\/obispadodezaratecampana.org\/?p=14247"},"modified":"2017-12-02T20:25:38","modified_gmt":"2017-12-02T23:25:38","slug":"carta-de-despedida-del-nuncio-apostolico-mons-emil-paul-tscherrig","status":"publish","type":"post","link":"https:\/\/obispadodezaratecampana.org\/?p=14247","title":{"rendered":"Carta de despedida del Nuncio Apost\u00f3lico Mons. Emil Paul Tscherrig"},"content":{"rendered":"<p class=\"m_-1801560207767116497gmail-MsoNormal\" style=\"color: #222222; text-align: right;\"><span style=\"font-family: tahoma, sans-serif; color: #003366;\">Buenos Aires, 29 de noviembre de 2017<\/span><\/p>\n<p class=\"m_-1801560207767116497gmail-MsoNormal\" style=\"color: #222222;\"><span style=\"font-family: tahoma, sans-serif; color: #003366;\">Eminencia, Hermano Obispo:<\/span><\/p>\n<p class=\"m_-1801560207767116497gmail-MsoNormal\" style=\"color: #222222;\"><span style=\"font-family: tahoma, sans-serif; color: #003366;\">\u00a0 Al acercarse mi despedida de la Argentina quiero reiterar mi agradecimiento a Usted por su colaboraci\u00f3n y cercan\u00eda que he experimentado durante casi seis a\u00f1os de mi permanencia entre Ustedes.\u00a0\u00a0<\/span><\/p>\n<p class=\"m_-1801560207767116497gmail-MsoNormal\" style=\"color: #222222;\"><span style=\"font-family: tahoma, sans-serif; color: #003366;\">\u00a0Considero este periodo de mi vida una gracia particular del Se\u00f1or a quien nunca podr\u00e9 expresar adecuadamente mi gratitud por tanta bondad.<\/span><\/p>\n<p class=\"m_-1801560207767116497gmail-MsoNormal\" style=\"color: #222222;\"><span style=\"font-family: tahoma, sans-serif; color: #003366;\">\u00a0Le deseo de coraz\u00f3n la Paz del Buen Pastor y, por intercesi\u00f3n del Santo Cura Brochero, de las Beatas Crescencia, Mama Antula y Catalina, el don de la fidelidad al Maestro que nos pide salir y anunciar la alegr\u00eda del Evangelio \u201cen todos los lugares, en todas las ocasiones, sin demoras, sin asco y sin miedo\u201d (EG, 23).<\/span><\/p>\n<p class=\"m_-1801560207767116497gmail-MsoNormal\" style=\"color: #222222;\"><span style=\"font-family: tahoma, sans-serif; color: #003366;\">\u00a0Me voy con una \u201cmochila\u201d de recuerdos hacia mi nuevo destino y con la certeza que el Se\u00f1or nos mantendr\u00e1 unidos en la oraci\u00f3n y misi\u00f3n.\u00a0 \u00a0<\/span><\/p>\n<p class=\"m_-1801560207767116497gmail-MsoNormal\" style=\"color: #222222;\"><span style=\"font-family: tahoma, sans-serif; color: #003366;\">\u00a0Aprovechando el privilegio del Nuncio, imparto a Usted, a los sacerdotes, di\u00e1conos, consagrados y a los fieles todos de su reba\u00f1o, la Bendici\u00f3n Apost\u00f3lica del Santo Padre Francisco, y lo invito a rezar por \u00c9l.\u00a0<\/span><\/p>\n<p class=\"m_-1801560207767116497gmail-MsoNormal\" style=\"color: #222222;\"><span style=\"font-family: tahoma, sans-serif; color: #003366;\">\u00a0Con profunda gratitud me despido de Usted con un cordial abrazo fraterno.<\/span><\/p>\n<p class=\"m_-1801560207767116497gmail-MsoNormal\" style=\"color: #222222;\"><span style=\"font-family: tahoma, sans-serif; color: #003366;\">+Emil P. Tscherrig <\/span><\/p>\n<p class=\"m_-1801560207767116497gmail-MsoNormal\" style=\"color: #222222;\"><span style=\"font-family: tahoma, sans-serif; color: #003366;\">\u00a0Nuncio Apost\u00f3lico<\/span><\/p>\n<div style=\"color: #222222;\"><\/div>\n<div style=\"color: #222222;\"><i>\u00a0<\/i><\/div>\n<!-- AddThis Advanced Settings generic via filter on the_content --><!-- AddThis Share Buttons generic via filter on the_content -->","protected":false},"excerpt":{"rendered":"<p>Buenos Aires, 29 de noviembre de 2017 Eminencia, Hermano Obispo: \u00a0 Al acercarse mi despedida de la Argentina quiero reiterar mi agradecimiento a Usted por [&hellip;]<!-- AddThis Advanced Settings generic via filter on get_the_excerpt --><!-- AddThis Share Buttons generic via filter on get_the_excerpt --><\/p>\n","protected":false},"author":2,"featured_media":14248,"comment_status":"open","ping_status":"open","sticky":false,"template":"","format":"standard","meta":{"footnotes":""},"categories":[5,1],"tags":[],"class_list":["post-14247","post","type-post","status-publish","format-standard","has-post-thumbnail","hentry","category-generales","category-noticiasdiocesanas"],"_links":{"self":[{"href":"https:\/\/obispadodezaratecampana.org\/index.php?rest_route=\/wp\/v2\/posts\/14247","targetHints":{"allow":["GET"]}}],"collection":[{"href":"https:\/\/obispadodezaratecampana.org\/index.php?rest_route=\/wp\/v2\/posts"}],"about":[{"href":"https:\/\/obispadodezaratecampana.org\/index.php?rest_route=\/wp\/v2\/types\/post"}],"author":[{"embeddable":true,"href":"https:\/\/obispadodezaratecampana.org\/index.php?rest_route=\/wp\/v2\/users\/2"}],"replies":[{"embeddable":true,"href":"https:\/\/obispadodezaratecampana.org\/index.php?rest_route=%2Fwp%2Fv2%2Fcomments&post=14247"}],"version-history":[{"count":2,"href":"https:\/\/obispadodezaratecampana.org\/index.php?rest_route=\/wp\/v2\/posts\/14247\/revisions"}],"predecessor-version":[{"id":14250,"href":"https:\/\/obispadodezaratecampana.org\/index.php?rest_route=\/wp\/v2\/posts\/14247\/revisions\/14250"}],"wp:featuredmedia":[{"embeddable":true,"href":"https:\/\/obispadodezaratecampana.org\/index.php?rest_route=\/wp\/v2\/media\/14248"}],"wp:attachment":[{"href":"https:\/\/obispadodezaratecampana.org\/index.php?rest_route=%2Fwp%2Fv2%2Fmedia&parent=14247"}],"wp:term":[{"taxonomy":"category","embeddable":true,"href":"https:\/\/obispadodezaratecampana.org\/index.php?rest_route=%2Fwp%2Fv2%2Fcategories&post=14247"},{"taxonomy":"post_tag","embeddable":true,"href":"https:\/\/obispadodezaratecampana.org\/index.php?rest_route=%2Fwp%2Fv2%2Ftags&post=14247"}],"curies":[{"name":"wp","href":"https:\/\/api.w.org\/{rel}","templated":true}]}}