{"id":14244,"date":"2017-12-02T18:57:05","date_gmt":"2017-12-02T21:57:05","guid":{"rendered":"http:\/\/obispadodezaratecampana.org\/?p=14244"},"modified":"2017-12-02T18:57:05","modified_gmt":"2017-12-02T21:57:05","slug":"monsenor-justo-rodriguez-gallego-nombrado-vicario-general-de-la-diocesis-de-zarate-campana","status":"publish","type":"post","link":"https:\/\/obispadodezaratecampana.org\/?p=14244","title":{"rendered":"Monse\u00f1or Justo Rodriguez Gallego: Nombrado Vicario General de la di\u00f3cesis de Z\u00e1rate &#8211; Campana"},"content":{"rendered":"<h3 style=\"text-align: justify;\"><span style=\"color: #666699;\">Monse\u00f1or Pedro Mar\u00eda Laxage, Obispo de Z\u00e1rate \u2013 Campana ha designado como Vicario General de la di\u00f3cesis de Z\u00e1rate \u2013 Campana a Monse\u00f1or Justo Rodr\u00edguez Gallego. <\/span><\/p>\n<p><span style=\"color: #666699;\">El Padre Justo iniciar\u00e1 formalmente este nuevo ministerio el viernes 8 de diciembre a las 19 hs en la Parroquia Inmaculada Concepci\u00f3n de Maquinista Savio, donde es p\u00e1rroco. Durante la Eucarist\u00eda realizar\u00e1 la Profesi\u00f3n de Fe y Promesa de fidelidad correspondiente a la asunci\u00f3n del cargo. <\/span><\/p>\n<p><span style=\"color: #666699;\">Toda la comunidad diocesana est\u00e1 invitada a participar de esta celebraci\u00f3n y rezar por la nueva misi\u00f3n encomendada a Mons. Gallego.<\/span><\/h3>\n<p style=\"text-align: center;\"><a href=\"http:\/\/obispadodezaratecampana.org\/wp-content\/uploads\/2017\/12\/Vicario-General.jpg\"><img fetchpriority=\"high\" decoding=\"async\" class=\"alignnone size-medium wp-image-14245\" src=\"http:\/\/obispadodezaratecampana.org\/wp-content\/uploads\/2017\/12\/Vicario-General-300x241.jpg\" alt=\"Vicario General\" width=\"300\" height=\"241\" srcset=\"https:\/\/obispadodezaratecampana.org\/wp-content\/uploads\/2017\/12\/Vicario-General-300x241.jpg 300w, https:\/\/obispadodezaratecampana.org\/wp-content\/uploads\/2017\/12\/Vicario-General.jpg 720w\" sizes=\"(max-width: 300px) 100vw, 300px\" \/><\/a><\/p>\n<h3 style=\"text-align: justify;\"><span style=\"text-decoration: underline;\"><span style=\"color: #666699; text-decoration: underline;\">Curriculum Vitae &#8211; Pbro. Justo Rodr\u00edguez Gallego<\/span><\/span><\/p>\n<p><span style=\"color: #666699;\">Nacido en Don Benito, Badajoz, Espa\u00f1a, el 29 de noviembre de 1954.<\/span><br \/>\n<span style=\"color: #666699;\">Ordenado presb\u00edtero el 6 de julio de 1980 en Toledo, Espa\u00f1a. Se incorpor\u00f3 a la di\u00f3cesis de Z\u00e1rate \u2013 Campana como sacerdote \u201cFidei Donum\u201d. <\/span><br \/>\n<span style=\"color: #666699;\">Es Prelado de Honor de Su Santidad, del por entonces Benedicto XVI: 4 de noviembre de 2008.<\/span><\/p>\n<p><span style=\"color: #666699;\">Ha sido: Delegado diocesano para las Vocaciones; Penitenciario de la Di\u00f3cesis; Responsable del \u00e1rea Formaci\u00f3n Espiritual del Consejo de Direcci\u00f3n del Instituto San Gabriel Arc\u00e1ngel para la formaci\u00f3n de los candidatos al Diaconado Permanente; Confesor Ordinario del Seminario Diocesano; Delegado Episcopal para Misiones; Delegado Diocesano de Pastoral; Vicario Episcopal para la Pastoral y Administrador Diocesano de Z\u00e1rate-Campana del 5 de noviembre al 19 de diciembre del 2015.<\/span><\/p>\n<p><span style=\"color: #666699;\">Se desempe\u00f1a actualmente como Director Espiritual del Seminario Diocesano \u201cSan Pedro y San Pablo\u201d; Miembro del Colegio de Consultores y del Consejo Presbiteral; Decano de Escobar y P\u00e1rroco de la Parroquia \u201cInmaculada Concepci\u00f3n\u201d de Maquinista Savio.<\/span><\/h3>\n<!-- AddThis Advanced Settings generic via filter on the_content --><!-- AddThis Share Buttons generic via filter on the_content -->","protected":false},"excerpt":{"rendered":"<p>Monse\u00f1or Pedro Mar\u00eda Laxage, Obispo de Z\u00e1rate \u2013 Campana ha designado como Vicario General de la di\u00f3cesis de Z\u00e1rate \u2013 Campana a Monse\u00f1or Justo Rodr\u00edguez [&hellip;]<!-- AddThis Advanced Settings generic via filter on get_the_excerpt --><!-- AddThis Share Buttons generic via filter on get_the_excerpt --><\/p>\n","protected":false},"author":2,"featured_media":14245,"comment_status":"open","ping_status":"open","sticky":false,"template":"","format":"standard","meta":{"footnotes":""},"categories":[1],"tags":[],"class_list":["post-14244","post","type-post","status-publish","format-standard","has-post-thumbnail","hentry","category-noticiasdiocesanas"],"_links":{"self":[{"href":"https:\/\/obispadodezaratecampana.org\/index.php?rest_route=\/wp\/v2\/posts\/14244","targetHints":{"allow":["GET"]}}],"collection":[{"href":"https:\/\/obispadodezaratecampana.org\/index.php?rest_route=\/wp\/v2\/posts"}],"about":[{"href":"https:\/\/obispadodezaratecampana.org\/index.php?rest_route=\/wp\/v2\/types\/post"}],"author":[{"embeddable":true,"href":"https:\/\/obispadodezaratecampana.org\/index.php?rest_route=\/wp\/v2\/users\/2"}],"replies":[{"embeddable":true,"href":"https:\/\/obispadodezaratecampana.org\/index.php?rest_route=%2Fwp%2Fv2%2Fcomments&post=14244"}],"version-history":[{"count":1,"href":"https:\/\/obispadodezaratecampana.org\/index.php?rest_route=\/wp\/v2\/posts\/14244\/revisions"}],"predecessor-version":[{"id":14246,"href":"https:\/\/obispadodezaratecampana.org\/index.php?rest_route=\/wp\/v2\/posts\/14244\/revisions\/14246"}],"wp:featuredmedia":[{"embeddable":true,"href":"https:\/\/obispadodezaratecampana.org\/index.php?rest_route=\/wp\/v2\/media\/14245"}],"wp:attachment":[{"href":"https:\/\/obispadodezaratecampana.org\/index.php?rest_route=%2Fwp%2Fv2%2Fmedia&parent=14244"}],"wp:term":[{"taxonomy":"category","embeddable":true,"href":"https:\/\/obispadodezaratecampana.org\/index.php?rest_route=%2Fwp%2Fv2%2Fcategories&post=14244"},{"taxonomy":"post_tag","embeddable":true,"href":"https:\/\/obispadodezaratecampana.org\/index.php?rest_route=%2Fwp%2Fv2%2Ftags&post=14244"}],"curies":[{"name":"wp","href":"https:\/\/api.w.org\/{rel}","templated":true}]}}