{"id":14221,"date":"2017-11-05T18:46:42","date_gmt":"2017-11-05T21:46:42","guid":{"rendered":"http:\/\/obispadodezaratecampana.org\/?p=14221"},"modified":"2017-11-12T19:07:31","modified_gmt":"2017-11-12T22:07:31","slug":"14-de-noviembre-adoracion-sin-limites-renovacion-carismatica-catolica-zc","status":"publish","type":"post","link":"https:\/\/obispadodezaratecampana.org\/?p=14221","title":{"rendered":"14 de noviembre: &#8220;Adoraci\u00f3n sin l\u00edmites&#8221; Renovaci\u00f3n Carism\u00e1tica Cat\u00f3lica ZC"},"content":{"rendered":"<h2 style=\"text-align: center;\"><span style=\"color: #000080;\"><img fetchpriority=\"high\" decoding=\"async\" class=\"alignnone size-medium wp-image-14223\" src=\"http:\/\/obispadodezaratecampana.org\/wp-content\/uploads\/2017\/11\/23439590_1690469467654050_408640214_n2-214x300.jpg\" alt=\"23439590_1690469467654050_408640214_n\" width=\"214\" height=\"300\" srcset=\"https:\/\/obispadodezaratecampana.org\/wp-content\/uploads\/2017\/11\/23439590_1690469467654050_408640214_n2-214x300.jpg 214w, https:\/\/obispadodezaratecampana.org\/wp-content\/uploads\/2017\/11\/23439590_1690469467654050_408640214_n2.jpg 480w\" sizes=\"(max-width: 214px) 100vw, 214px\" \/><\/span><\/h2>\n<h2 style=\"text-align: center;\"><span style=\"color: #000080;\">Invitaci\u00f3n Renovaci\u00f3n Carism\u00e1tica Cat\u00f3lica de la di\u00f3cesis de Z\u00e1rate &#8211; Campana:<\/span><\/h2>\n<h2 style=\"text-align: center;\"><span style=\"color: #000080;\"> No te pierdas este martes 14\/11\/2017 un encuentro con Dios y hermanos en Cristo. <\/span><\/h2>\n<h2 style=\"text-align: center;\"><span style=\"color: #000080;\">Horario: 19:30 hs Gimnasio del Instituto Madre del Divino Pastor de Pilar (Avenida Tratado de Pilar 250)<\/span><\/h2>\n<h2 style=\"text-align: center;\">\n<span style=\"color: #000080;\">Informaci\u00f3n Alicia y Cynthia: +5493489496339 y + 5493487619021<\/span><\/h2>\n<!-- AddThis Advanced Settings generic via filter on the_content --><!-- AddThis Share Buttons generic via filter on the_content -->","protected":false},"excerpt":{"rendered":"<p>Invitaci\u00f3n Renovaci\u00f3n Carism\u00e1tica Cat\u00f3lica de la di\u00f3cesis de Z\u00e1rate &#8211; Campana: No te pierdas este martes 14\/11\/2017 un encuentro con Dios y hermanos en Cristo. [&hellip;]<!-- AddThis Advanced Settings generic via filter on get_the_excerpt --><!-- AddThis Share Buttons generic via filter on get_the_excerpt --><\/p>\n","protected":false},"author":2,"featured_media":14222,"comment_status":"open","ping_status":"open","sticky":false,"template":"","format":"video","meta":{"footnotes":""},"categories":[4,1,8],"tags":[],"class_list":["post-14221","post","type-post","status-publish","format-video","has-post-thumbnail","hentry","category-movimientosinstituciones","category-noticiasdiocesanas","category-videos","post_format-post-format-video"],"_links":{"self":[{"href":"https:\/\/obispadodezaratecampana.org\/index.php?rest_route=\/wp\/v2\/posts\/14221","targetHints":{"allow":["GET"]}}],"collection":[{"href":"https:\/\/obispadodezaratecampana.org\/index.php?rest_route=\/wp\/v2\/posts"}],"about":[{"href":"https:\/\/obispadodezaratecampana.org\/index.php?rest_route=\/wp\/v2\/types\/post"}],"author":[{"embeddable":true,"href":"https:\/\/obispadodezaratecampana.org\/index.php?rest_route=\/wp\/v2\/users\/2"}],"replies":[{"embeddable":true,"href":"https:\/\/obispadodezaratecampana.org\/index.php?rest_route=%2Fwp%2Fv2%2Fcomments&post=14221"}],"version-history":[{"count":1,"href":"https:\/\/obispadodezaratecampana.org\/index.php?rest_route=\/wp\/v2\/posts\/14221\/revisions"}],"predecessor-version":[{"id":14224,"href":"https:\/\/obispadodezaratecampana.org\/index.php?rest_route=\/wp\/v2\/posts\/14221\/revisions\/14224"}],"wp:featuredmedia":[{"embeddable":true,"href":"https:\/\/obispadodezaratecampana.org\/index.php?rest_route=\/wp\/v2\/media\/14222"}],"wp:attachment":[{"href":"https:\/\/obispadodezaratecampana.org\/index.php?rest_route=%2Fwp%2Fv2%2Fmedia&parent=14221"}],"wp:term":[{"taxonomy":"category","embeddable":true,"href":"https:\/\/obispadodezaratecampana.org\/index.php?rest_route=%2Fwp%2Fv2%2Fcategories&post=14221"},{"taxonomy":"post_tag","embeddable":true,"href":"https:\/\/obispadodezaratecampana.org\/index.php?rest_route=%2Fwp%2Fv2%2Ftags&post=14221"}],"curies":[{"name":"wp","href":"https:\/\/api.w.org\/{rel}","templated":true}]}}