{"id":14190,"date":"2017-11-04T20:32:28","date_gmt":"2017-11-04T23:32:28","guid":{"rendered":"http:\/\/obispadodezaratecampana.org\/?p=14190"},"modified":"2017-11-04T20:32:28","modified_gmt":"2017-11-04T23:32:28","slug":"segui-la-peregrinacion-a-lujan-por-las-redes-sociales","status":"publish","type":"post","link":"https:\/\/obispadodezaratecampana.org\/?p=14190","title":{"rendered":"SEGUI LA PEREGRINACI\u00d3N A LUJAN POR LAS REDES SOCIALES"},"content":{"rendered":"<h3><span style=\"color: #0000ff;\">En la p\u00e1gina oficial de la Peregrinaci\u00f3n Anual de la Di\u00f3cesis de Z\u00e1rate &#8211; Campana encontras toda la informaci\u00f3n y podes seguir las novedades:<\/span><\/h3>\n<h3><span style=\"color: #0000ff;\">Peregrinacion a Luj\u00e1n &#8211; Di\u00f3cesis de Z\u00e1rate Campana<\/span><\/h3>\n<h3><span style=\"color: #0000ff;\"><a title=\"PeregrinacionZC\" href=\"https:\/\/www.facebook.com\/Peregrinaci\u00f3n-a-Luj\u00e1n-Di\u00f3cesis-de-Z\u00e1rate-Campana-289429808081028\/\" target=\"_blank\"><span style=\"color: #0000ff;\">https:\/\/www.facebook.com\/Peregrinaci\u00f3n-a-Luj\u00e1n-Di\u00f3cesis-de-Z\u00e1rate-Campana-289429808081028\/<\/span><\/a><\/span><\/h3>\n<h3><span style=\"color: #0000ff;\">En la p\u00e1gina del Obispado como siempre compartimos lo relacionado a este evento que nos une como comunidad diocesana a\u00f1o tras a\u00f1o, edici\u00f3n 39\u00b0 &#8220;Con Maria, caminamos juntos como hermanos&#8221;\u00a0<\/span><\/h3>\n<h3><span style=\"color: #0000ff;\">Obispado Z\u00e1rate Campana<\/span><\/h3>\n<h3><span style=\"color: #0000ff;\"><a title=\"obispadozc\" href=\"https:\/\/www.facebook.com\/obispadozc\/\" target=\"_blank\"><span style=\"color: #0000ff;\">https:\/\/www.facebook.com\/obispadozc\/<\/span><\/a><\/span><\/h3>\n<p style=\"text-align: center;\"><a title=\"obispadozc\" href=\"https:\/\/www.facebook.com\/obispadozc\/\" target=\"_blank\"><img fetchpriority=\"high\" decoding=\"async\" class=\"alignnone  wp-image-14192\" src=\"http:\/\/obispadodezaratecampana.org\/wp-content\/uploads\/2017\/11\/23157355_2035060920049242_3186642677783385935_o1-168x300.jpg\" alt=\"23157355_2035060920049242_3186642677783385935_o\" width=\"298\" height=\"480\" \/><\/a><\/p>\n<p style=\"text-align: center;\"><img decoding=\"async\" class=\"alignnone  wp-image-14193\" src=\"http:\/\/obispadodezaratecampana.org\/wp-content\/uploads\/2017\/11\/23131762_1685907154776948_5803582934685918542_n-232x300.jpg\" alt=\"23131762_1685907154776948_5803582934685918542_n\" width=\"462\" height=\"470\" \/><\/p>\n<!-- AddThis Advanced Settings generic via filter on the_content --><!-- AddThis Share Buttons generic via filter on the_content -->","protected":false},"excerpt":{"rendered":"<p>En la p\u00e1gina oficial de la Peregrinaci\u00f3n Anual de la Di\u00f3cesis de Z\u00e1rate &#8211; Campana encontras toda la informaci\u00f3n y podes seguir las novedades: Peregrinacion [&hellip;]<!-- AddThis Advanced Settings generic via filter on get_the_excerpt --><!-- AddThis Share Buttons generic via filter on get_the_excerpt --><\/p>\n","protected":false},"author":2,"featured_media":14191,"comment_status":"open","ping_status":"open","sticky":false,"template":"","format":"standard","meta":{"footnotes":""},"categories":[5,1],"tags":[],"class_list":["post-14190","post","type-post","status-publish","format-standard","has-post-thumbnail","hentry","category-generales","category-noticiasdiocesanas"],"_links":{"self":[{"href":"https:\/\/obispadodezaratecampana.org\/index.php?rest_route=\/wp\/v2\/posts\/14190","targetHints":{"allow":["GET"]}}],"collection":[{"href":"https:\/\/obispadodezaratecampana.org\/index.php?rest_route=\/wp\/v2\/posts"}],"about":[{"href":"https:\/\/obispadodezaratecampana.org\/index.php?rest_route=\/wp\/v2\/types\/post"}],"author":[{"embeddable":true,"href":"https:\/\/obispadodezaratecampana.org\/index.php?rest_route=\/wp\/v2\/users\/2"}],"replies":[{"embeddable":true,"href":"https:\/\/obispadodezaratecampana.org\/index.php?rest_route=%2Fwp%2Fv2%2Fcomments&post=14190"}],"version-history":[{"count":1,"href":"https:\/\/obispadodezaratecampana.org\/index.php?rest_route=\/wp\/v2\/posts\/14190\/revisions"}],"predecessor-version":[{"id":14194,"href":"https:\/\/obispadodezaratecampana.org\/index.php?rest_route=\/wp\/v2\/posts\/14190\/revisions\/14194"}],"wp:featuredmedia":[{"embeddable":true,"href":"https:\/\/obispadodezaratecampana.org\/index.php?rest_route=\/wp\/v2\/media\/14191"}],"wp:attachment":[{"href":"https:\/\/obispadodezaratecampana.org\/index.php?rest_route=%2Fwp%2Fv2%2Fmedia&parent=14190"}],"wp:term":[{"taxonomy":"category","embeddable":true,"href":"https:\/\/obispadodezaratecampana.org\/index.php?rest_route=%2Fwp%2Fv2%2Fcategories&post=14190"},{"taxonomy":"post_tag","embeddable":true,"href":"https:\/\/obispadodezaratecampana.org\/index.php?rest_route=%2Fwp%2Fv2%2Ftags&post=14190"}],"curies":[{"name":"wp","href":"https:\/\/api.w.org\/{rel}","templated":true}]}}