{"id":14186,"date":"2017-11-01T00:01:02","date_gmt":"2017-11-01T03:01:02","guid":{"rendered":"http:\/\/obispadodezaratecampana.org\/?p=14186"},"modified":"2017-11-01T00:16:49","modified_gmt":"2017-11-01T03:16:49","slug":"la-belleza-desarmada-presentacion-del-libro-10-de-noviembre-a-las-2015-club-ciudad-de-campana","status":"publish","type":"post","link":"https:\/\/obispadodezaratecampana.org\/?p=14186","title":{"rendered":"La Belleza Desarmada: Presentaci\u00f3n del libro 10 de noviembre a las 20:15 &#8211; Club Ciudad de Campana"},"content":{"rendered":"<p style=\"text-align: right;\"><span style=\"color: #000080;\">Campana, octubre de 2017<\/span><\/p>\n<p><span style=\"color: #000080;\">\u00a0 Estimado amigo: Tenemos el agrado de invitar a Ud. a la presentaci\u00f3n del libro \u201cLa belleza desarmada\u201d de Juli\u00e1n Carr\u00f3n, en el marco de los festejos por los 30 a\u00f1os de presencia del Movimiento de Comuni\u00f3n y Liberaci\u00f3n en Campana. El libro ser\u00e1 presentado por Monse\u00f1or Eduardo Eliseo Mart\u00edn, arzobispo de Rosario y por el Lic. Alfredo Vota, educador de nuestra ciudad. El sacerdote espa\u00f1ol Julia\u0301n Carro\u0301n es responsable actual del Movimiento Comuni\u00f3n y Liberaci\u00f3n, una de las realidades eclesiales m\u00e1s relevantes de las \u00faltimasd\u00e9cadas, y sucesor del fundador, don Luigi Giussani. El libro reflexiona sobre nuestra actual situaci\u00f3n de \u00abcambio de \u00e9poca\u00bb y nos plantea de que\u0301 modo la propuesta cristiana puede ser atractiva para el hombre de hoy y contribuir a la construcci\u00f3n de espacios de libertad y convivencia en nuestra sociedad plural. Estas reflexiones son fruto de un di\u00e1logo abierto con interlocutores provenientes de diversos \u00e1mbitos y sensibilidades culturales. \u201cTodos nos debemos confrontar con estos nuevos desaf\u00edos. La persona m\u00e1s fr\u00e1gil puede ser el punto de partida de la respuesta, porque las fuerzas que cambian la historia son las mismas que hacen al hombre feliz&#8221; ha dicho Carr\u00f3n en una reciente entrevista. (<a href=\"https:\/\/www.facebook.com\/labellezzadisarmata\/\"><span style=\"color: #000080;\"><em>@labellezzadisarmata<\/em><\/span><\/a>) Nos anima entonces a hacerle llegar esta invitaci\u00f3n, el hecho de ser testigos de esta preciosa contribuci\u00f3n, de esta \u201cbelleza\u201d que refleja el misterio cristiano y que se dirigede forma \u201cdesarmada\u201d y franca a la raz\u00f3n y a la libertad de todos los hombres. \u00bfC\u00f3mo se hace para vivir? En el mundo actual, \u00bfdesde d\u00f3nde recomenzar? Abriendo este di\u00e1logo, lo invitamos el d\u00eda\u00a0<strong>10 de noviembre<\/strong>\u00a0a las\u00a0<strong>20:15<\/strong>\u00a0en el <strong>Sal\u00f3n Cultural del Club Ciudad de Campana, sito en Chiclana 209.<\/strong> Ciertos de la novedad que ofrece el libro y con el deseo de encontrarnos, lo saludamos cordialmente.<\/span><\/p>\n<p style=\"text-align: center;\"><span style=\"color: #000080;\"><strong>Movimiento Eclesial Comuni\u00f3n y Liberaci\u00f3n<\/strong><strong> Campana<\/strong><\/span><\/p>\n<p style=\"text-align: center;\"><span style=\"color: #000080;\"><strong><a href=\"http:\/\/www.clonline.org\"><span style=\"color: #000080;\">www.clonline.org<\/span><\/a><\/strong><\/span><\/p>\n<p><span style=\"color: #000080;\"><strong>Secretar\u00eda Comuni\u00f3n y Liberaci\u00f3n<\/strong><strong> Campana<\/strong> <a href=\"mailto:campana.giussani@gmail.com\"><span style=\"color: #000080;\">campana.giussani@gmail.com<\/span><\/a> Tel. (+54) 3489 681306<\/span><\/p>\n<p style=\"text-align: center;\"><span style=\"color: #000080;\"><img fetchpriority=\"high\" decoding=\"async\" class=\"alignnone  wp-image-14187\" src=\"http:\/\/obispadodezaratecampana.org\/wp-content\/uploads\/2017\/10\/Volante-La-belleza-desarmada-300x186.jpg\" alt=\"Volante La belleza desarmada\" width=\"623\" height=\"349\" \/><\/span><\/p>\n<!-- AddThis Advanced Settings generic via filter on the_content --><!-- AddThis Share Buttons generic via filter on the_content -->","protected":false},"excerpt":{"rendered":"<p>Campana, octubre de 2017 \u00a0 Estimado amigo: Tenemos el agrado de invitar a Ud. a la presentaci\u00f3n del libro \u201cLa belleza desarmada\u201d de Juli\u00e1n Carr\u00f3n, [&hellip;]<!-- AddThis Advanced Settings generic via filter on get_the_excerpt --><!-- AddThis Share Buttons generic via filter on get_the_excerpt --><\/p>\n","protected":false},"author":2,"featured_media":14187,"comment_status":"open","ping_status":"open","sticky":false,"template":"","format":"standard","meta":{"footnotes":""},"categories":[4,1],"tags":[],"class_list":["post-14186","post","type-post","status-publish","format-standard","has-post-thumbnail","hentry","category-movimientosinstituciones","category-noticiasdiocesanas"],"_links":{"self":[{"href":"https:\/\/obispadodezaratecampana.org\/index.php?rest_route=\/wp\/v2\/posts\/14186","targetHints":{"allow":["GET"]}}],"collection":[{"href":"https:\/\/obispadodezaratecampana.org\/index.php?rest_route=\/wp\/v2\/posts"}],"about":[{"href":"https:\/\/obispadodezaratecampana.org\/index.php?rest_route=\/wp\/v2\/types\/post"}],"author":[{"embeddable":true,"href":"https:\/\/obispadodezaratecampana.org\/index.php?rest_route=\/wp\/v2\/users\/2"}],"replies":[{"embeddable":true,"href":"https:\/\/obispadodezaratecampana.org\/index.php?rest_route=%2Fwp%2Fv2%2Fcomments&post=14186"}],"version-history":[{"count":2,"href":"https:\/\/obispadodezaratecampana.org\/index.php?rest_route=\/wp\/v2\/posts\/14186\/revisions"}],"predecessor-version":[{"id":14189,"href":"https:\/\/obispadodezaratecampana.org\/index.php?rest_route=\/wp\/v2\/posts\/14186\/revisions\/14189"}],"wp:featuredmedia":[{"embeddable":true,"href":"https:\/\/obispadodezaratecampana.org\/index.php?rest_route=\/wp\/v2\/media\/14187"}],"wp:attachment":[{"href":"https:\/\/obispadodezaratecampana.org\/index.php?rest_route=%2Fwp%2Fv2%2Fmedia&parent=14186"}],"wp:term":[{"taxonomy":"category","embeddable":true,"href":"https:\/\/obispadodezaratecampana.org\/index.php?rest_route=%2Fwp%2Fv2%2Fcategories&post=14186"},{"taxonomy":"post_tag","embeddable":true,"href":"https:\/\/obispadodezaratecampana.org\/index.php?rest_route=%2Fwp%2Fv2%2Ftags&post=14186"}],"curies":[{"name":"wp","href":"https:\/\/api.w.org\/{rel}","templated":true}]}}