{"id":14161,"date":"2017-10-28T21:02:57","date_gmt":"2017-10-29T00:02:57","guid":{"rendered":"http:\/\/obispadodezaratecampana.org\/?p=14161"},"modified":"2017-10-28T21:02:57","modified_gmt":"2017-10-29T00:02:57","slug":"afiche-de-difusion-39-peregrinacion-diocesana-a-pie-a-lujan-sabado-4-noviembre-2017","status":"publish","type":"post","link":"https:\/\/obispadodezaratecampana.org\/?p=14161","title":{"rendered":"Afiche de difusi\u00f3n: 39\u00b0 Peregrinaci\u00f3n Diocesana a pie a Luj\u00e1n, s\u00e1bado 4 noviembre 2017"},"content":{"rendered":"<h3 style=\"text-align: center;\"><span style=\"color: #333399;\">ENLACE PARA DESCARGAR EL AFICHE DE DIFUSI\u00d3N DE LA <\/span><\/h3>\n<h3 style=\"text-align: center;\"><span style=\"color: #333399;\">PEREGRINACION DIOCESANA A PIE A LUJAN 2017:<\/span><\/h3>\n<h2 style=\"text-align: center;\"><span style=\"color: #800080;\"><a title=\"peregrinacion\" href=\"https:\/\/drive.google.com\/file\/d\/0B_J1pci5_523WFViWTdSODRrQm8\/view?usp=sharing\" target=\"_blank\"><span style=\"color: #800080;\">https:\/\/drive.google.com\/file\/d\/0B_J1pci5_523WFViWTdSODRrQm8\/view?usp=sharing<\/span><\/a><\/span><\/h2>\n<h2><\/h2>\n<p style=\"text-align: center;\"><a href=\"http:\/\/obispadodezaratecampana.org\/wp-content\/uploads\/2017\/10\/Afiche2.jpg\"><img fetchpriority=\"high\" decoding=\"async\" class=\"alignnone size-medium wp-image-14160\" src=\"http:\/\/obispadodezaratecampana.org\/wp-content\/uploads\/2017\/10\/Afiche2-300x300.jpg\" alt=\"Afiche\" width=\"300\" height=\"300\" srcset=\"https:\/\/obispadodezaratecampana.org\/wp-content\/uploads\/2017\/10\/Afiche2-300x300.jpg 300w, https:\/\/obispadodezaratecampana.org\/wp-content\/uploads\/2017\/10\/Afiche2-150x150.jpg 150w, https:\/\/obispadodezaratecampana.org\/wp-content\/uploads\/2017\/10\/Afiche2.jpg 959w\" sizes=\"(max-width: 300px) 100vw, 300px\" \/><\/a><\/p>\n<!-- AddThis Advanced Settings generic via filter on the_content --><!-- AddThis Share Buttons generic via filter on the_content -->","protected":false},"excerpt":{"rendered":"<p>ENLACE PARA DESCARGAR EL AFICHE DE DIFUSI\u00d3N DE LA PEREGRINACION DIOCESANA A PIE A LUJAN 2017: https:\/\/drive.google.com\/file\/d\/0B_J1pci5_523WFViWTdSODRrQm8\/view?usp=sharing<!-- AddThis Advanced Settings generic via filter on get_the_excerpt --><!-- AddThis Share Buttons generic via filter on get_the_excerpt --><\/p>\n","protected":false},"author":2,"featured_media":14160,"comment_status":"open","ping_status":"open","sticky":false,"template":"","format":"standard","meta":{"footnotes":""},"categories":[5,1],"tags":[],"class_list":["post-14161","post","type-post","status-publish","format-standard","has-post-thumbnail","hentry","category-generales","category-noticiasdiocesanas"],"_links":{"self":[{"href":"https:\/\/obispadodezaratecampana.org\/index.php?rest_route=\/wp\/v2\/posts\/14161","targetHints":{"allow":["GET"]}}],"collection":[{"href":"https:\/\/obispadodezaratecampana.org\/index.php?rest_route=\/wp\/v2\/posts"}],"about":[{"href":"https:\/\/obispadodezaratecampana.org\/index.php?rest_route=\/wp\/v2\/types\/post"}],"author":[{"embeddable":true,"href":"https:\/\/obispadodezaratecampana.org\/index.php?rest_route=\/wp\/v2\/users\/2"}],"replies":[{"embeddable":true,"href":"https:\/\/obispadodezaratecampana.org\/index.php?rest_route=%2Fwp%2Fv2%2Fcomments&post=14161"}],"version-history":[{"count":1,"href":"https:\/\/obispadodezaratecampana.org\/index.php?rest_route=\/wp\/v2\/posts\/14161\/revisions"}],"predecessor-version":[{"id":14162,"href":"https:\/\/obispadodezaratecampana.org\/index.php?rest_route=\/wp\/v2\/posts\/14161\/revisions\/14162"}],"wp:featuredmedia":[{"embeddable":true,"href":"https:\/\/obispadodezaratecampana.org\/index.php?rest_route=\/wp\/v2\/media\/14160"}],"wp:attachment":[{"href":"https:\/\/obispadodezaratecampana.org\/index.php?rest_route=%2Fwp%2Fv2%2Fmedia&parent=14161"}],"wp:term":[{"taxonomy":"category","embeddable":true,"href":"https:\/\/obispadodezaratecampana.org\/index.php?rest_route=%2Fwp%2Fv2%2Fcategories&post=14161"},{"taxonomy":"post_tag","embeddable":true,"href":"https:\/\/obispadodezaratecampana.org\/index.php?rest_route=%2Fwp%2Fv2%2Ftags&post=14161"}],"curies":[{"name":"wp","href":"https:\/\/api.w.org\/{rel}","templated":true}]}}