{"id":14142,"date":"2017-10-09T10:57:56","date_gmt":"2017-10-09T13:57:56","guid":{"rendered":"http:\/\/obispadodezaratecampana.org\/?p=14142"},"modified":"2017-10-09T13:30:08","modified_gmt":"2017-10-09T16:30:08","slug":"fiestas-patronales-nuestra-senora-del-pilar","status":"publish","type":"post","link":"https:\/\/obispadodezaratecampana.org\/?p=14142","title":{"rendered":"Fiestas Patronales Nuestra Se\u00f1ora del Pilar, Pilar"},"content":{"rendered":"<p style=\"text-align: justify;\"><span style=\"color: #003300;\">Desde hace m\u00e1s de 160 a\u00f1os, cada 12 de octubre, celebramos en Pilar nuestras Fiestas Patronales en honor a nuestra Patrona, la Virgen Del Pilar. La Fiesta Patronal significa \u201ccelebrar la identidad de un pueblo que en este caso naci\u00f3 bajo esta advocaci\u00f3n de Mar\u00eda, que la trajo gente que vino de otro lugar y de la que nosotros de alguna manera nos sentimos continuadores\u201d. Por lo tanto, la celebraci\u00f3n es un acto de reafirmaci\u00f3n de lo que somos como comunidad, un pueblo con nombre e identidad.<\/span><\/p>\n<p style=\"text-align: center;\"><span style=\"color: #003300;\"><a href=\"http:\/\/obispadodezaratecampana.org\/wp-content\/uploads\/2017\/10\/Virgen-Pilar-para-Novena.jpg\"><span style=\"color: #003300;\"><img fetchpriority=\"high\" decoding=\"async\" class=\"alignnone size-medium wp-image-14143\" src=\"http:\/\/obispadodezaratecampana.org\/wp-content\/uploads\/2017\/10\/Virgen-Pilar-para-Novena-225x300.jpg\" alt=\"Virgen Pilar para Novena\" width=\"225\" height=\"300\" srcset=\"https:\/\/obispadodezaratecampana.org\/wp-content\/uploads\/2017\/10\/Virgen-Pilar-para-Novena-225x300.jpg 225w, https:\/\/obispadodezaratecampana.org\/wp-content\/uploads\/2017\/10\/Virgen-Pilar-para-Novena-768x1024.jpg 768w, https:\/\/obispadodezaratecampana.org\/wp-content\/uploads\/2017\/10\/Virgen-Pilar-para-Novena.jpg 1944w\" sizes=\"(max-width: 225px) 100vw, 225px\" \/><\/span><\/a><\/span><\/p>\n<p style=\"text-align: justify;\"><span style=\"color: #003300;\">ACTIVIDADES<\/span><\/p>\n<p style=\"text-align: justify;\"><span style=\"color: #003300;\">La novena a la Virgen ha comenzado el 3 de octubre con visita de la imagen de la Virgen a distintos lugares de nuestra Ciudad donde intervendr\u00e1n las comunidades y colegios de la Parroquia, con actividades y procesiones luego al templo Ntra. Sra. Del Pilar. El lema de la fiesta patronal este a\u00f1o es: \u201cJUNTOS A MARIA MISIONEMOS EN FAMILIA\u201d.-<\/span><br \/>\n<span style=\"color: #003300;\">Todos los d\u00edas, a las 18:00 hs. Y antes de la Santa Misa se hara el Rezo del Santo Rosario en el Templo Parroquial<\/span><br \/>\n<span style=\"color: #003300;\">Asimismo, este a\u00f1o y en el marco de nuestras festividades, habr\u00e1 estas actividades especiales:<\/span><br \/>\n<span style=\"color: #003300;\">1.- Misi\u00f3n parroquial: En el marco de la Novena por la Fiesta Patronal de Ntra. Parroquia, se realizara los d\u00edas 7 y 8 de Octubre una misi\u00f3n parroquial por el centro de la ciudad de Pilar. Aquellos que quieran participar por favor comunicarse con Leandra al 011-6754-0728.<\/span><br \/>\n<span style=\"color: #003300;\">Tambi\u00e9n aprovechamos la oportunidad para invitarlos a la Misa de env\u00edo que se celebrara el Viernes 06\/10 a las 19,00 hs.-<\/span><\/p>\n<p style=\"text-align: justify;\"><span style=\"color: #003300;\">2.- RENOVACION DE PROMESA MATRIMONIAL. Con motivo de realizarse la novena a la Virgen del Pilar en el marco de nuestras Fiestas Patronales, es que invitamos a aquellos matrimonios que est\u00e9n cumpliendo sus 25 o 50 a\u00f1os de casados a renovar sus promesas matrimoniales el d\u00eda domingo 08 de octubre a las 19 hs .<\/span><br \/>\n<span style=\"color: #003300;\">Para una mejor organizaci\u00f3n deben anotarse en la Parroquia Ntra. Sra. del Pilar de 15 a 19 hs. Tel: 0230-4428650<\/span><br \/>\n<span style=\"color: #003300;\">Datos que deben dejar: Nombres y Apellido de los c\u00f3nyuges,<\/span><br \/>\n<span style=\"color: #003300;\">Direcci\u00f3n<\/span><br \/>\n<span style=\"color: #003300;\">Celular o tel. fijo<\/span><br \/>\n<span style=\"color: #003300;\">E-mail.<\/span><br \/>\n<span style=\"color: #003300;\">A\u00f1os de casados.<\/span><\/p>\n<p style=\"text-align: justify;\"><span style=\"color: #003300;\">3.-. JUEVES 12\/10. Reapertura del Museo Parroquial \u201cPadre Jos\u00e9 Ram\u00f3n de la Villa\u201d.<\/span><br \/>\n<span style=\"color: #003300;\">El objetivo del Museo<\/span><br \/>\n<span style=\"color: #003300;\">En el edificio m\u00e1s antiguo y emblem\u00e1tico de Pilar, que identifica a la ciudad y al partido, el museo contiene documentos y piezas religiosas, vinculadas al origen de nuestra poblaci\u00f3n. La exhibici\u00f3n est\u00e1 pensada y estudiada para que sea din\u00e1mica y did\u00e1ctica. De tal modo tratar\u00e1 de ser un insumo necesario para estudiantes e investigadores, que podr\u00e1n visitarlo. El museo es nexo entre la historia de Pilar y los valores actuales; un medio evangelizador que responde al llamado del Papa Francisco: \u201c\u2026quiero una Iglesia que salga a la calle\u201d.<\/span><br \/>\n<span style=\"color: #003300;\">El nombre del Museo<\/span><br \/>\n<span style=\"color: #003300;\">Aludir al \u201cPadre Jos\u00e9 Ram\u00f3n de la Villa\u201d, es un merecido reconocimiento al que fuera p\u00e1rroco de \u201cNuestra. Sra. del Pilar\u201d durante algo m\u00e1s de 30 a\u00f1os (1979-2010), que acompa\u00f1\u00f3 el crecimiento de la zona y llev\u00f3 adelante numerosos proyectos pastorales (entre ellos el museo) que sirvieron para realizar una gran tarea de evangelizaci\u00f3n.<\/span><\/p>\n<p><img decoding=\"async\" class=\"size-medium wp-image-14144 aligncenter\" src=\"http:\/\/obispadodezaratecampana.org\/wp-content\/uploads\/2017\/10\/iglesia-desde-arriba-300x180.jpg\" alt=\"iglesia desde arriba\" width=\"300\" height=\"180\" srcset=\"https:\/\/obispadodezaratecampana.org\/wp-content\/uploads\/2017\/10\/iglesia-desde-arriba-300x180.jpg 300w, https:\/\/obispadodezaratecampana.org\/wp-content\/uploads\/2017\/10\/iglesia-desde-arriba.jpg 500w\" sizes=\"(max-width: 300px) 100vw, 300px\" \/><br \/>\n<span style=\"color: #003300;\">FIESTAS PATRONALES 2017<\/span><br \/>\n<span style=\"color: #003300;\">\u00a8JUNTOS A MARIA MISIONEMOS EN FAMILIA\u00a8<\/span><br \/>\n<span style=\"color: #003300;\">NOVENA DE LA VIRGEN DEL PILAR y actividades parroquiales<\/span><br \/>\n<span style=\"color: #003300;\">MARTES 03\/10.Templo Parroquial \u00a8El Encuentro\u00a8 <\/span><br \/>\n<span style=\"color: #003300;\">18,00 hs. Rezo del Santo Rosario a cargo del grupo de oraci\u00f3n de la Virgen del Cerro \u2013 Est\u00e1 invitada toda la comunidad parroquial.<\/span><br \/>\n<span style=\"color: #003300;\">19,00 hs. Celebraci\u00f3n de la Misa dando comienzo a la Novena.<\/span><br \/>\n<span style=\"color: #003300;\">MIERCOLES 04\/10. \u00a8Camino de la Fe\u00a8 <\/span><br \/>\n<span style=\"color: #003300;\">Texto b\u00edblico: \u00a8 La Anunciaci\u00f3n \u00a8<\/span><br \/>\n<span style=\"color: #003300;\">Visita de la Imagen de Ntra. Sra. Del Pilar a la comunidad del Barrio La Pilarica \u2013 Capilla San Jos\u00e9. Regreso al Templo Parroquial.<\/span><br \/>\n<span style=\"color: #003300;\">18,00 hs. Rezo del Santo Rosario<\/span><br \/>\n<span style=\"color: #003300;\">19,00 hs .Celebraci\u00f3n de la Misa<\/span><br \/>\n<span style=\"color: #003300;\">JUEVES 05\/10. \u00a8La vida en la Gracia\u00a8 &#8211;<\/span><br \/>\n<span style=\"color: #003300;\">Texto b\u00edblico: \u00a8 La Visita de Mar\u00eda a Isabel (La Visitaci\u00f3n) \u00a8<\/span><br \/>\n<span style=\"color: #003300;\">08,00 hs. Encuentro intercolegial en el Inst. Verbo Divino. Regreso al Templo Parroquial<\/span><br \/>\n<span style=\"color: #003300;\">18,00 hs. Rezo del Santo Rosario.<\/span><br \/>\n<span style=\"color: #003300;\">19,00 hs. Celebraci\u00f3n de la Santa Misa.<\/span><br \/>\n<span style=\"color: #003300;\">VIERNES 06\/10. Templo Parroquial \u00a8El perd\u00f3n\u00a8 <\/span><br \/>\n<span style=\"color: #003300;\">Texto b\u00edblico: \u00a8 El Magn\u00edficat \u00a8<\/span><br \/>\n<span style=\"color: #003300;\">09,00 hs. Misa y adoraci\u00f3n del Sant\u00edsimo<\/span><br \/>\n<span style=\"color: #003300;\">18,00 hs. Rezo del Santo Rosario<\/span><br \/>\n<span style=\"color: #003300;\">19,00hs. Misa de comienzo y env\u00edo a la Misi\u00f3n Parroquial<\/span><br \/>\n<span style=\"color: #003300;\">20,00 hs. Celebraci\u00f3n penitencial y adoraci\u00f3n<\/span><br \/>\n<span style=\"color: #003300;\">SABADO 07\/10. Templo Parroquial \u00a8La Vida\u00a8<\/span><br \/>\n<span style=\"color: #003300;\">Texto b\u00edblico: \u00a8 El Nacimiento \u00a8<\/span><br \/>\n<span style=\"color: #003300;\">Primer d\u00eda de la Misi\u00f3n<\/span><br \/>\n<span style=\"color: #003300;\">08,00 hs. Encuentro en los salones parroquiales para formar los grupos misioneros y comunicar los detalles.<\/span><br \/>\n<span style=\"color: #003300;\">09,00 hs. Env\u00edo<\/span><br \/>\n<span style=\"color: #003300;\">18,00 hs. Rezo del Santo Rosario<\/span><br \/>\n<span style=\"color: #003300;\">19,00 hs. Celebraci\u00f3n dela Santa Misa.<\/span><br \/>\n<span style=\"color: #003300;\">DOMINGO 08\/10. Templo Parroquial \u00a8La Familia\u00a8 <\/span><br \/>\n<span style=\"color: #003300;\">Texto b\u00edblico: \u00a8 Vida de Jes\u00fas en Nazaret \u00a8<\/span><br \/>\n<span style=\"color: #003300;\">Segundo d\u00eda de la Misi\u00f3n<\/span><br \/>\n<span style=\"color: #003300;\">09,00 hs. Encuentro en los salones parroquiales<\/span><br \/>\n<span style=\"color: #003300;\">10,00 hs. Env\u00edo<\/span><br \/>\n<span style=\"color: #003300;\">18,00 hs. Rezo del Santo Rosario<\/span><br \/>\n<span style=\"color: #003300;\">19,00 hs. Celebraci\u00f3n de la Santa Misa \u2013 Renovaci\u00f3n de votos matrimoniales de 25 y 50 a\u00f1os de casados.<\/span><br \/>\n<span style=\"color: #003300;\">LUNES 09\/10. Templo Parroquial \u00a8La Educaci\u00f3n\u00a8 <\/span><br \/>\n<span style=\"color: #003300;\">Texto b\u00edblico: \u00a8 Presentaci\u00f3n del Ni\u00f1o en el Templo \u00a8<\/span><br \/>\n<span style=\"color: #003300;\">18,00 hs. Rezo del Santo Rosario<\/span><br \/>\n<span style=\"color: #003300;\">19,00 hs. Celebraci\u00f3n de la Santa Misa<\/span><br \/>\n<span style=\"color: #003300;\">MARTES 10\/10. \u00a8La Vocaci\u00f3n y la vida consagrada\u00a8<\/span><br \/>\n<span style=\"color: #003300;\">Texto b\u00edblico: \u00a8Jes\u00fas perdido y hallado en el Templo \u00a8<\/span><br \/>\n<span style=\"color: #003300;\">Visita de la Imagen de Ntra. Sra. Del Pilar a la comunidad del Barrio Villa Morra. Regreso al Templo Parroquial<\/span><br \/>\n<span style=\"color: #003300;\">18,00 hs. Rezo del Santo Rosario<\/span><br \/>\n<span style=\"color: #003300;\">19,00 hs. Celebraci\u00f3n de la Santa Misa<\/span><br \/>\n<span style=\"color: #003300;\">MIERCOLES 11\/10. Templo Parroquial V\u00edsperas del d\u00eda de la Virgen<\/span><br \/>\n<span style=\"color: #003300;\">Texto b\u00edblico: \u00a8Mar\u00eda al pie de la Cruz y la Resurrecci\u00f3n \u00a8<\/span><br \/>\n<span style=\"color: #003300;\">18,00 hs. Rezo del Santo Rosario<\/span><br \/>\n<span style=\"color: #003300;\">19,00 hs. Celebraci\u00f3n de la Santa Misa.<\/span><br \/>\n<span style=\"color: #003300;\">23,00 hs. Rosario esperando la llegada del 12 de Octubre<\/span><br \/>\n<span style=\"color: #003300;\">JUEVES 12\/10. \u00a8La Evangelizaci\u00f3n\u00a8<\/span><br \/>\n<span style=\"color: #003300;\">Texto b\u00edblico: \u00a8la venida del Esp\u00edritu Santo, Mar\u00eda y los Ap\u00f3stoles \u00a8<\/span><br \/>\n<span style=\"color: #003300;\">10,00 hs. Misa de Sanaci\u00f3n.<\/span><br \/>\n<span style=\"color: #003300;\">17:30 hs. Concentraci\u00f3n en Play\u00f3n del Cuartel de Bomberos Voluntarios (Ruta 8 y Zeballos)<\/span><br \/>\n<span style=\"color: #003300;\">18 hs Inicio de procesi\u00f3n hacia Pquia Ntra Sra del Pilar <\/span><br \/>\n<span style=\"color: #003300;\">19 hs Celebraci\u00f3n Santa Misa <\/span><br \/>\n<span style=\"color: #003300;\">20 hs. Reapertura del Museo Parroquial<\/span><br \/>\n<span style=\"color: #003300;\">20:30 hs Actuaci\u00f3n de la orquesta juvenil del Instituto F. Chopin de Pilar.<\/span><\/p>\n<!-- AddThis Advanced Settings generic via filter on the_content --><!-- AddThis Share Buttons generic via filter on the_content -->","protected":false},"excerpt":{"rendered":"<p>Desde hace m\u00e1s de 160 a\u00f1os, cada 12 de octubre, celebramos en Pilar nuestras Fiestas Patronales en honor a nuestra Patrona, la Virgen Del Pilar. [&hellip;]<!-- AddThis Advanced Settings generic via filter on get_the_excerpt --><!-- AddThis Share Buttons generic via filter on get_the_excerpt --><\/p>\n","protected":false},"author":2,"featured_media":14152,"comment_status":"open","ping_status":"open","sticky":false,"template":"","format":"standard","meta":{"footnotes":""},"categories":[1,3],"tags":[],"class_list":["post-14142","post","type-post","status-publish","format-standard","has-post-thumbnail","hentry","category-noticiasdiocesanas","category-noticiasparroquiales"],"_links":{"self":[{"href":"https:\/\/obispadodezaratecampana.org\/index.php?rest_route=\/wp\/v2\/posts\/14142","targetHints":{"allow":["GET"]}}],"collection":[{"href":"https:\/\/obispadodezaratecampana.org\/index.php?rest_route=\/wp\/v2\/posts"}],"about":[{"href":"https:\/\/obispadodezaratecampana.org\/index.php?rest_route=\/wp\/v2\/types\/post"}],"author":[{"embeddable":true,"href":"https:\/\/obispadodezaratecampana.org\/index.php?rest_route=\/wp\/v2\/users\/2"}],"replies":[{"embeddable":true,"href":"https:\/\/obispadodezaratecampana.org\/index.php?rest_route=%2Fwp%2Fv2%2Fcomments&post=14142"}],"version-history":[{"count":4,"href":"https:\/\/obispadodezaratecampana.org\/index.php?rest_route=\/wp\/v2\/posts\/14142\/revisions"}],"predecessor-version":[{"id":14154,"href":"https:\/\/obispadodezaratecampana.org\/index.php?rest_route=\/wp\/v2\/posts\/14142\/revisions\/14154"}],"wp:featuredmedia":[{"embeddable":true,"href":"https:\/\/obispadodezaratecampana.org\/index.php?rest_route=\/wp\/v2\/media\/14152"}],"wp:attachment":[{"href":"https:\/\/obispadodezaratecampana.org\/index.php?rest_route=%2Fwp%2Fv2%2Fmedia&parent=14142"}],"wp:term":[{"taxonomy":"category","embeddable":true,"href":"https:\/\/obispadodezaratecampana.org\/index.php?rest_route=%2Fwp%2Fv2%2Fcategories&post=14142"},{"taxonomy":"post_tag","embeddable":true,"href":"https:\/\/obispadodezaratecampana.org\/index.php?rest_route=%2Fwp%2Fv2%2Ftags&post=14142"}],"curies":[{"name":"wp","href":"https:\/\/api.w.org\/{rel}","templated":true}]}}