{"id":14136,"date":"2017-10-08T14:41:39","date_gmt":"2017-10-08T17:41:39","guid":{"rendered":"http:\/\/obispadodezaratecampana.org\/?p=14136"},"modified":"2017-10-08T14:41:39","modified_gmt":"2017-10-08T17:41:39","slug":"7-y-8-de-octubre-colecta-por-las-misiones","status":"publish","type":"post","link":"https:\/\/obispadodezaratecampana.org\/?p=14136","title":{"rendered":"7 y 8 de octubre &#8211; Colecta por las Misiones"},"content":{"rendered":"<h3 style=\"text-align: center;\"><img fetchpriority=\"high\" decoding=\"async\" class=\"alignnone  wp-image-14137\" src=\"http:\/\/obispadodezaratecampana.org\/wp-content\/uploads\/2017\/10\/OMP-300x159.jpg\" alt=\"OMP\" width=\"464\" height=\"315\" \/><\/h3>\n<h3 style=\"text-align: center;\"><span style=\"color: #666699;\">7 y 8 de octubre: Colecta por las Misiones<\/span><\/h3>\n<h3 style=\"text-align: center;\"><span style=\"color: #666699;\">22 de octubre: Jornada Mundial de las Misiones<\/span><\/h3>\n<p style=\"text-align: justify;\"><span style=\"color: #666699;\">Jornada Mundial por las Misiones 2017 &#8211; Misi\u00f3n, la alegr\u00eda del Evangelio<\/span><\/p>\n<p style=\"text-align: justify;\"><span style=\"color: #666699;\">Estamos necesitados de escuchar y recibir a diario la alegr\u00eda que solo da Jes\u00fas en los evangelios. Las curaciones, el perd\u00f3n de las faltas, las ense\u00f1anzas b\u00edblicas, la misericordia del Padre, son algunas de las tantas cosas que nos dej\u00f3 el Maestro en su itinerario misionero.<\/span><\/p>\n<p style=\"text-align: justify;\"><span style=\"color: #666699;\">Los evangelistas van contando la tarea misionera de Jes\u00fas. Su vida terrenal hasta la muerte en cruz, fue el pasarla haciendo el bien. Y cuanta gente encontramos que fue convirtiendo su vida a medida que el Se\u00f1or se asomaba en cada pueblo y regi\u00f3n.<\/span><\/p>\n<p style=\"text-align: justify;\"><span style=\"color: #666699;\">Venc\u00eda el mal a fuerza de hacer el bien; no entraba en su sistema el hacer acepci\u00f3n de personas. Los pecadores ten\u00edan lugar en el proyecto del Padre. Y hasta sal\u00edan de los labios de muchos la sentencia de que \u201ctodo lo hace bien\u201d.<\/span><\/p>\n<p style=\"text-align: justify;\"><span style=\"color: #666699;\">Estamos invitados a la fiesta misionera en este mes en que celebramos, comenzando con la conmemoraci\u00f3n de la patrona de las misiones, Santa Teresita del Ni\u00f1o Jes\u00fas, otro octubre misionero. Se lleva a cabo la Colecta Mundial como lo hacemos habitualmente, quiz\u00e1s agregando en este tiempo el condimento que de sabor a nuestra vida: estar alegres.<\/span><\/p>\n<p style=\"text-align: justify;\"><span style=\"color: #666699;\">En muchos ambientes, tanto familiares como laborales, se ha perdido el sentido de estar &#8220;bien\u201d. Hablar de alegr\u00eda en este mundo convulsionado suena a algo ut\u00f3pico, casi irrealizable. Pero que no nos venza el des\u00e1nimo. Sabemos y creemos que Cristo ayer, hoy y siempre est\u00e1 con nosotros. Y si est\u00e1 con nosotros, \u00bfqui\u00e9n podr\u00e1 contra sus elegidos? (RM 8, 31).<\/span><\/p>\n<p style=\"text-align: justify;\"><span style=\"color: #666699;\">Confiar y estar tranquilos. En medio de las tempestades no dejemos de llevar alegr\u00eda en nuestros ambientes. Esa alegr\u00eda que solo Dios puede brindar y a la que tenemos que recurrir. Juntos andemos con el Se\u00f1or para transmitir la alegr\u00eda del Evangelio.<\/span><\/p>\n<p style=\"text-align: justify;\"><span style=\"color: #666699;\">Pbro. Dante De Sanzzi<\/span><br \/>\n<span style=\"color: #666699;\">Director Nacional de las<\/span><br \/>\n<span style=\"color: #666699;\">Obras Misionales Pontificias<\/span><br \/>\n<span style=\"color: #666699;\">Argentina<\/span><\/p>\n<p style=\"text-align: justify;\"><span style=\"color: #666699;\">Fuente: Obras Misionales Pontificias<\/span><\/p>\n<p>&nbsp;<\/p>\n<!-- AddThis Advanced Settings generic via filter on the_content --><!-- AddThis Share Buttons generic via filter on the_content -->","protected":false},"excerpt":{"rendered":"<p>7 y 8 de octubre: Colecta por las Misiones 22 de octubre: Jornada Mundial de las Misiones Jornada Mundial por las Misiones 2017 &#8211; Misi\u00f3n, [&hellip;]<!-- AddThis Advanced Settings generic via filter on get_the_excerpt --><!-- AddThis Share Buttons generic via filter on get_the_excerpt --><\/p>\n","protected":false},"author":2,"featured_media":14137,"comment_status":"open","ping_status":"open","sticky":false,"template":"","format":"standard","meta":{"footnotes":""},"categories":[5,1],"tags":[],"class_list":["post-14136","post","type-post","status-publish","format-standard","has-post-thumbnail","hentry","category-generales","category-noticiasdiocesanas"],"_links":{"self":[{"href":"https:\/\/obispadodezaratecampana.org\/index.php?rest_route=\/wp\/v2\/posts\/14136","targetHints":{"allow":["GET"]}}],"collection":[{"href":"https:\/\/obispadodezaratecampana.org\/index.php?rest_route=\/wp\/v2\/posts"}],"about":[{"href":"https:\/\/obispadodezaratecampana.org\/index.php?rest_route=\/wp\/v2\/types\/post"}],"author":[{"embeddable":true,"href":"https:\/\/obispadodezaratecampana.org\/index.php?rest_route=\/wp\/v2\/users\/2"}],"replies":[{"embeddable":true,"href":"https:\/\/obispadodezaratecampana.org\/index.php?rest_route=%2Fwp%2Fv2%2Fcomments&post=14136"}],"version-history":[{"count":1,"href":"https:\/\/obispadodezaratecampana.org\/index.php?rest_route=\/wp\/v2\/posts\/14136\/revisions"}],"predecessor-version":[{"id":14138,"href":"https:\/\/obispadodezaratecampana.org\/index.php?rest_route=\/wp\/v2\/posts\/14136\/revisions\/14138"}],"wp:featuredmedia":[{"embeddable":true,"href":"https:\/\/obispadodezaratecampana.org\/index.php?rest_route=\/wp\/v2\/media\/14137"}],"wp:attachment":[{"href":"https:\/\/obispadodezaratecampana.org\/index.php?rest_route=%2Fwp%2Fv2%2Fmedia&parent=14136"}],"wp:term":[{"taxonomy":"category","embeddable":true,"href":"https:\/\/obispadodezaratecampana.org\/index.php?rest_route=%2Fwp%2Fv2%2Fcategories&post=14136"},{"taxonomy":"post_tag","embeddable":true,"href":"https:\/\/obispadodezaratecampana.org\/index.php?rest_route=%2Fwp%2Fv2%2Ftags&post=14136"}],"curies":[{"name":"wp","href":"https:\/\/api.w.org\/{rel}","templated":true}]}}