{"id":14127,"date":"2017-10-05T14:04:52","date_gmt":"2017-10-05T17:04:52","guid":{"rendered":"http:\/\/obispadodezaratecampana.org\/?p=14127"},"modified":"2017-10-05T14:55:28","modified_gmt":"2017-10-05T17:55:28","slug":"mision-de-obispos-region-buenos-aires-9-al-12-octubre-2017","status":"publish","type":"post","link":"https:\/\/obispadodezaratecampana.org\/?p=14127","title":{"rendered":"Misi\u00f3n de Obispos Regi\u00f3n Buenos Aires: 9 al 12 octubre 2017"},"content":{"rendered":"<p style=\"text-align: center;\"><img fetchpriority=\"high\" decoding=\"async\" class=\"alignnone  wp-image-14128\" src=\"http:\/\/obispadodezaratecampana.org\/wp-content\/uploads\/2017\/10\/21743734_768267880018755_381983817140450355_o-300x168.jpg\" alt=\"21743734_768267880018755_381983817140450355_o\" width=\"441\" height=\"317\" \/><\/p>\n<p style=\"text-align: center;\"><span style=\"color: #003366;\"><strong>Misi\u00f3n de Obispos Regi\u00f3n Buenos Aires<\/strong><\/span><\/p>\n<p style=\"text-align: justify;\"><span style=\"color: #003366;\">En el marco del mes de las misiones los Obispos de la Regi\u00f3n Buenos Aires misionar\u00e1n en la di\u00f3cesis de Gregorio de Laferrere del 9 al 12 de octubre.<\/span><\/p>\n<p style=\"text-align: justify;\"><span style=\"color: #003366;\">M\u00e1s de 20 Obispos -entre ellos los de la arquidi\u00f3cesis porte\u00f1a y los de 11 di\u00f3cesis del conurbano bonaerense- se espera que est\u00e9n en misi\u00f3n en la Iglesia particular de Gregorio de Laferrere que abarca los partidos de Ca\u00f1uelas y dos tercios de La Matanza, que incluye las localidades de Gregorio de Laferrere, Isidro Casanova, Rafael Castillo, Gonz\u00e1lez Cat\u00e1n y Virrey del Pino.<\/span><\/p>\n<p style=\"text-align: justify;\"><span style=\"color: #003366;\">Visitar\u00e1n hospitales, c\u00e1rceles, centros urbanos, estaciones de tren, parroquias y colegios.<\/span><\/p>\n<p style=\"text-align: justify;\"><span style=\"color: #003366;\">La misi\u00f3n anual de los Obispos de la Regi\u00f3n Buenos Aires se enmarca en la propuesta de la \u201cMisi\u00f3n continental\u201d promovida por la V\u00aa Conferencia General del Episcopado Latinoamericano y del Caribe que se celebr\u00f3 en Aparecida, Brasil, en el 2007.<\/span><\/p>\n<p style=\"text-align: center;\"><strong><em><span style=\"color: #003366;\">Oraci\u00f3n de la misi\u00f3n<\/span><\/em><\/strong><\/p>\n<p style=\"text-align: center;\"><em><span style=\"color: #003366;\">Se\u00f1or, al recibir el paso misionero de los obispos, sucesores de los Ap\u00f3stoles, te pedimos que este regalo de la misi\u00f3n traiga luz y esperanza de vida a nuestras comunidades. Que confirmen nuestro caminar en comuni\u00f3n de caridad. Renueva en nosotros la Gracia de anunciar con alegr\u00eda la Buena Nueva de la Salvaci\u00f3n. Ay\u00fadanos a ser junto a ellos, luz en medio de las tinieblas. Vida en medio de las sombras de la muerte. Danos la fortaleza del Esp\u00edritu para no bajar nunca los brazos y construir as\u00ed, en medio de nuestros barrios, tu Reino de Amor, de Justicia y de Paz.<\/span><\/em><br \/>\n<em><span style=\"color: #003366;\">Bendice a los obispos de la Regi\u00f3n Buenos Aires que comparten con nosotros sus dones. Haz que tambi\u00e9n ellos sientan las caricias de Dios por las manos de su Pueblo. Y danos la Gracia, por este paso misionero, de que muchos j\u00f3venes, respondan generosamente a ese mismo llamado, seguir a Cristo al servicio de sus hermanos.<\/span><\/em><br \/>\n<em><span style=\"color: #003366;\">Am\u00e9n<\/span><\/em><\/p>\n<p style=\"text-align: justify;\"><span style=\"color: #003366;\">Fuente y mas detalles: <a title=\"mision laferrere\" href=\"http:\/\/eclesia.info\/web\/iglesia\/34-regional\/592-los-obispos-de-la-region-misionaran-en-la-diocesis-de-gregorio-de-laferrere.html\" target=\"_blank\"><span style=\"color: #003366;\">http:\/\/eclesia.info\/web\/iglesia\/34-regional\/592-los-obispos-de-la-region-misionaran-en-la-diocesis-de-gregorio-de-laferrere.html<\/span><\/a><\/span><\/p>\n<!-- AddThis Advanced Settings generic via filter on the_content --><!-- AddThis Share Buttons generic via filter on the_content -->","protected":false},"excerpt":{"rendered":"<p>Misi\u00f3n de Obispos Regi\u00f3n Buenos Aires En el marco del mes de las misiones los Obispos de la Regi\u00f3n Buenos Aires misionar\u00e1n en la di\u00f3cesis [&hellip;]<!-- AddThis Advanced Settings generic via filter on get_the_excerpt --><!-- AddThis Share Buttons generic via filter on get_the_excerpt --><\/p>\n","protected":false},"author":2,"featured_media":14128,"comment_status":"open","ping_status":"open","sticky":false,"template":"","format":"standard","meta":{"footnotes":""},"categories":[5,1],"tags":[],"class_list":["post-14127","post","type-post","status-publish","format-standard","has-post-thumbnail","hentry","category-generales","category-noticiasdiocesanas"],"_links":{"self":[{"href":"https:\/\/obispadodezaratecampana.org\/index.php?rest_route=\/wp\/v2\/posts\/14127","targetHints":{"allow":["GET"]}}],"collection":[{"href":"https:\/\/obispadodezaratecampana.org\/index.php?rest_route=\/wp\/v2\/posts"}],"about":[{"href":"https:\/\/obispadodezaratecampana.org\/index.php?rest_route=\/wp\/v2\/types\/post"}],"author":[{"embeddable":true,"href":"https:\/\/obispadodezaratecampana.org\/index.php?rest_route=\/wp\/v2\/users\/2"}],"replies":[{"embeddable":true,"href":"https:\/\/obispadodezaratecampana.org\/index.php?rest_route=%2Fwp%2Fv2%2Fcomments&post=14127"}],"version-history":[{"count":2,"href":"https:\/\/obispadodezaratecampana.org\/index.php?rest_route=\/wp\/v2\/posts\/14127\/revisions"}],"predecessor-version":[{"id":14135,"href":"https:\/\/obispadodezaratecampana.org\/index.php?rest_route=\/wp\/v2\/posts\/14127\/revisions\/14135"}],"wp:featuredmedia":[{"embeddable":true,"href":"https:\/\/obispadodezaratecampana.org\/index.php?rest_route=\/wp\/v2\/media\/14128"}],"wp:attachment":[{"href":"https:\/\/obispadodezaratecampana.org\/index.php?rest_route=%2Fwp%2Fv2%2Fmedia&parent=14127"}],"wp:term":[{"taxonomy":"category","embeddable":true,"href":"https:\/\/obispadodezaratecampana.org\/index.php?rest_route=%2Fwp%2Fv2%2Fcategories&post=14127"},{"taxonomy":"post_tag","embeddable":true,"href":"https:\/\/obispadodezaratecampana.org\/index.php?rest_route=%2Fwp%2Fv2%2Ftags&post=14127"}],"curies":[{"name":"wp","href":"https:\/\/api.w.org\/{rel}","templated":true}]}}