{"id":14110,"date":"2017-09-28T13:16:39","date_gmt":"2017-09-28T16:16:39","guid":{"rendered":"http:\/\/obispadodezaratecampana.org\/?p=14110"},"modified":"2017-09-28T13:19:44","modified_gmt":"2017-09-28T16:19:44","slug":"14110","status":"publish","type":"post","link":"https:\/\/obispadodezaratecampana.org\/?p=14110","title":{"rendered":"Curso Abierto de Amoris Laetitia: Mi\u00e9rcoles 11,18 y 25 de octubre en Campana"},"content":{"rendered":"<h4 style=\"text-align: center;\"><span style=\"color: #993300;\">SEMINARIO CATEQUISTICO &#8220;DIVINO MAESTRO&#8221;<\/span><\/h4>\n<h4 style=\"text-align: center;\"><span style=\"color: #993300;\">Invita a participar del curso intensivo sobre<\/span><\/h4>\n<h3 style=\"text-align: center;\"><span style=\"color: #ff0000;\">AMORIS LAETITIA<\/span><\/h3>\n<h3 style=\"text-align: center;\"><span style=\"color: #ff0000;\">Exhortaci\u00f3n Apost\u00f3lica Postsinodal del Santo Padre Francisco<\/span><\/h3>\n<h3 style=\"text-align: center;\"><span style=\"color: #ff0000;\">Profesor: Nestor Alberto Guzm\u00e1n\u00a0<\/span><\/h3>\n<h3 style=\"text-align: center;\"><span style=\"color: #ff0000;\">Mi\u00e9rcoles 11,18 y 25 de octubre\u00a0<\/span><\/h3>\n<h3 style=\"text-align: center;\"><span style=\"color: #ff0000;\">Horario: 18:30 hs a 21: 30 hs<\/span><\/h3>\n<h3 style=\"text-align: center;\"><span style=\"color: #ff0000;\">Lugar: Seminario Diocesano San Pedro y San Pablo\u00a0<\/span><\/h3>\n<h3 style=\"text-align: center;\"><span style=\"color: #ff0000;\">Calle Guemes 1117 (esquina Chiclana) &#8211; Campana\u00a0<\/span><\/h3>\n<h4 style=\"text-align: center;\"><span style=\"color: #ff0000;\">Costo $300.-\u00a0<\/span><\/h4>\n<h4 style=\"text-align: center;\"><span style=\"color: #993300;\"><em>Abierta la inscripci\u00f3n:<\/em><\/span><\/h4>\n<h4 style=\"text-align: center;\"><span style=\"color: #993300;\"><em>Por mail:\u00a0 semcatdivinomaestro@gmail.com<\/em><\/span><\/h4>\n<h4 style=\"text-align: center;\"><span style=\"color: #993300;\"><em>Personalmente: Secretaria Parroquia Catedral Santa Florentina (Calle Int Varela 382, Campana)<\/em><\/span><\/h4>\n<h4 style=\"text-align: center;\"><span style=\"color: #ff0000;\"><img fetchpriority=\"high\" decoding=\"async\" class=\"alignnone  wp-image-14112\" src=\"http:\/\/obispadodezaratecampana.org\/wp-content\/uploads\/2017\/09\/21752829_1430569560384605_4372154873904537868_o1-212x300.jpg\" alt=\"21752829_1430569560384605_4372154873904537868_o\" width=\"356\" height=\"561\" \/><\/span><\/h4>\n<!-- AddThis Advanced Settings generic via filter on the_content --><!-- AddThis Share Buttons generic via filter on the_content -->","protected":false},"excerpt":{"rendered":"<p>SEMINARIO CATEQUISTICO &#8220;DIVINO MAESTRO&#8221; Invita a participar del curso intensivo sobre AMORIS LAETITIA Exhortaci\u00f3n Apost\u00f3lica Postsinodal del Santo Padre Francisco Profesor: Nestor Alberto Guzm\u00e1n\u00a0 Mi\u00e9rcoles [&hellip;]<!-- AddThis Advanced Settings generic via filter on get_the_excerpt --><!-- AddThis Share Buttons generic via filter on get_the_excerpt --><\/p>\n","protected":false},"author":2,"featured_media":14111,"comment_status":"open","ping_status":"open","sticky":false,"template":"","format":"standard","meta":{"footnotes":""},"categories":[4,1],"tags":[],"class_list":["post-14110","post","type-post","status-publish","format-standard","has-post-thumbnail","hentry","category-movimientosinstituciones","category-noticiasdiocesanas"],"_links":{"self":[{"href":"https:\/\/obispadodezaratecampana.org\/index.php?rest_route=\/wp\/v2\/posts\/14110","targetHints":{"allow":["GET"]}}],"collection":[{"href":"https:\/\/obispadodezaratecampana.org\/index.php?rest_route=\/wp\/v2\/posts"}],"about":[{"href":"https:\/\/obispadodezaratecampana.org\/index.php?rest_route=\/wp\/v2\/types\/post"}],"author":[{"embeddable":true,"href":"https:\/\/obispadodezaratecampana.org\/index.php?rest_route=\/wp\/v2\/users\/2"}],"replies":[{"embeddable":true,"href":"https:\/\/obispadodezaratecampana.org\/index.php?rest_route=%2Fwp%2Fv2%2Fcomments&post=14110"}],"version-history":[{"count":3,"href":"https:\/\/obispadodezaratecampana.org\/index.php?rest_route=\/wp\/v2\/posts\/14110\/revisions"}],"predecessor-version":[{"id":14115,"href":"https:\/\/obispadodezaratecampana.org\/index.php?rest_route=\/wp\/v2\/posts\/14110\/revisions\/14115"}],"wp:featuredmedia":[{"embeddable":true,"href":"https:\/\/obispadodezaratecampana.org\/index.php?rest_route=\/wp\/v2\/media\/14111"}],"wp:attachment":[{"href":"https:\/\/obispadodezaratecampana.org\/index.php?rest_route=%2Fwp%2Fv2%2Fmedia&parent=14110"}],"wp:term":[{"taxonomy":"category","embeddable":true,"href":"https:\/\/obispadodezaratecampana.org\/index.php?rest_route=%2Fwp%2Fv2%2Fcategories&post=14110"},{"taxonomy":"post_tag","embeddable":true,"href":"https:\/\/obispadodezaratecampana.org\/index.php?rest_route=%2Fwp%2Fv2%2Ftags&post=14110"}],"curies":[{"name":"wp","href":"https:\/\/api.w.org\/{rel}","templated":true}]}}