{"id":14105,"date":"2017-09-27T09:30:50","date_gmt":"2017-09-27T12:30:50","guid":{"rendered":"http:\/\/obispadodezaratecampana.org\/?p=14105"},"modified":"2017-09-27T09:30:50","modified_gmt":"2017-09-27T12:30:50","slug":"un-ser-humano-es-siempre-sagrado-e-inviolable-en-cualquier-situacion-y-en-cada-etapa-de-su-desarrollo","status":"publish","type":"post","link":"https:\/\/obispadodezaratecampana.org\/?p=14105","title":{"rendered":"Un ser humano es siempre sagrado e inviolable, en cualquier situaci\u00f3n y en cada etapa de su desarrollo"},"content":{"rendered":"<h4 style=\"text-align: center;\"><span style=\"color: rgb(153, 51, 0);\">MARCHA POR LA VIDA &#8211; MI\u00c9RCOLES 27 SEPTIEMBRE<\/span><\/h4>\n<h4 style=\"text-align: center;\"><img fetchpriority=\"high\" decoding=\"async\" class=\"alignnone size-full wp-image-14106\" src=\"http:\/\/obispadodezaratecampana.org\/wp-content\/uploads\/2017\/09\/22046973_1516646485084282_4894712197118097911_n.jpg\" alt=\"22046973_1516646485084282_4894712197118097911_n\" width=\"289\" height=\"174\" \/><\/h4>\n<h4 style=\"text-align: justify;\">\n<span style=\"color: rgb(153, 51, 0);\">Comunicado sobre la vida y la familia del Secretariado Nacional para la Familia<\/span><\/h4>\n<h4 style=\"text-align: justify;\">\n<span style=\"color: rgb(153, 51, 0);\">Con ocasi\u00f3n de la Marcha por la Vida que se realizar\u00e1 el mi\u00e9rcoles 27 de septiembre, quisi\u00e9ramos recordar que la Iglesia Argentina, en distintas oportunidades ha reflexionado sobre la familia, la vida y la dignidad humana. En Amoris laetitia, el papa Francisco, nos estimul\u00f3 \u201ca valorar el don del matrimonio y la familia y a sostener un amor fuerte y lleno de valores como la generosidad, el compromiso, la fidelidad o la paciencia. Y nos alent\u00f3 a todos \u201cpara que seamos signos de misericordia y cercan\u00eda all\u00ed donde la vida familiar no se realiza perfectamente o no se desarrolla con paz y gozo. (Al 5).<\/span><br \/>\n<span style=\"color: rgb(153, 51, 0);\">En otro documento de su Magisterio, en Evangelii gaudium nos dice con relaci\u00f3n a la vida y al respeto por su dignidad que: \u201cla defensa de la vida por nacer est\u00e1 \u00edntimamente ligada a la defensa de cualquier derecho humano. Supone la convicci\u00f3n de que un ser humano es siempre sagrado e inviolable, en cualquier situaci\u00f3n y en cada etapa de su desarrollo. Es un fin en s\u00ed mismo y nunca un medio para resolver otras dificultades (EG n. 213).<\/span><br \/>\n<span style=\"color: rgb(153, 51, 0);\">Acogemos la ense\u00f1anza del Santo Padre que profundiza el camino andado en la Iglesia argentina. Su palabra de Padre y Pastor nos lanza con alegr\u00eda y esperanza a asumir el cuidado y el acompa\u00f1amiento de toda persona, reconoci\u00e9ndonos valiosos como hijos que somos, amados por el Padre.<\/span><br \/>\n<span style=\"color: rgb(153, 51, 0);\">Los integrantes del Secretariado Nacional valoramos y adherimos a la expresi\u00f3n p\u00fablica del cuidado de la vida desde la concepci\u00f3n y hasta la muerte natural. Y reconocemos, valoramos y agradecemos la entrega de tantos servidores de la vida y la familia humana. Con ellos renovamos el deseo de anunciar con gozo y fidelidad el don de la vida y la invitaci\u00f3n que el Se\u00f1or nos hace a ser y vivir en familia, cuid\u00e1ndonos y acompa\u00f1\u00e1ndonos con responsabilidad cristiana.<\/span><\/h4>\n<h4 style=\"text-align: justify;\"><span style=\"color: rgb(153, 51, 0);\">Fuente: Conferencia Episcopal Argentina\u00a0<\/span><\/h4>\n<!-- AddThis Advanced Settings generic via filter on the_content --><!-- AddThis Share Buttons generic via filter on the_content -->","protected":false},"excerpt":{"rendered":"<p>MARCHA POR LA VIDA &#8211; MI\u00c9RCOLES 27 SEPTIEMBRE Comunicado sobre la vida y la familia del Secretariado Nacional para la Familia Con ocasi\u00f3n de la [&hellip;]<!-- AddThis Advanced Settings generic via filter on get_the_excerpt --><!-- AddThis Share Buttons generic via filter on get_the_excerpt --><\/p>\n","protected":false},"author":2,"featured_media":14106,"comment_status":"open","ping_status":"open","sticky":false,"template":"","format":"standard","meta":{"footnotes":""},"categories":[5,1],"tags":[],"class_list":["post-14105","post","type-post","status-publish","format-standard","has-post-thumbnail","hentry","category-generales","category-noticiasdiocesanas"],"_links":{"self":[{"href":"https:\/\/obispadodezaratecampana.org\/index.php?rest_route=\/wp\/v2\/posts\/14105","targetHints":{"allow":["GET"]}}],"collection":[{"href":"https:\/\/obispadodezaratecampana.org\/index.php?rest_route=\/wp\/v2\/posts"}],"about":[{"href":"https:\/\/obispadodezaratecampana.org\/index.php?rest_route=\/wp\/v2\/types\/post"}],"author":[{"embeddable":true,"href":"https:\/\/obispadodezaratecampana.org\/index.php?rest_route=\/wp\/v2\/users\/2"}],"replies":[{"embeddable":true,"href":"https:\/\/obispadodezaratecampana.org\/index.php?rest_route=%2Fwp%2Fv2%2Fcomments&post=14105"}],"version-history":[{"count":1,"href":"https:\/\/obispadodezaratecampana.org\/index.php?rest_route=\/wp\/v2\/posts\/14105\/revisions"}],"predecessor-version":[{"id":14107,"href":"https:\/\/obispadodezaratecampana.org\/index.php?rest_route=\/wp\/v2\/posts\/14105\/revisions\/14107"}],"wp:featuredmedia":[{"embeddable":true,"href":"https:\/\/obispadodezaratecampana.org\/index.php?rest_route=\/wp\/v2\/media\/14106"}],"wp:attachment":[{"href":"https:\/\/obispadodezaratecampana.org\/index.php?rest_route=%2Fwp%2Fv2%2Fmedia&parent=14105"}],"wp:term":[{"taxonomy":"category","embeddable":true,"href":"https:\/\/obispadodezaratecampana.org\/index.php?rest_route=%2Fwp%2Fv2%2Fcategories&post=14105"},{"taxonomy":"post_tag","embeddable":true,"href":"https:\/\/obispadodezaratecampana.org\/index.php?rest_route=%2Fwp%2Fv2%2Ftags&post=14105"}],"curies":[{"name":"wp","href":"https:\/\/api.w.org\/{rel}","templated":true}]}}