{"id":14092,"date":"2017-09-20T21:00:23","date_gmt":"2017-09-21T00:00:23","guid":{"rendered":"http:\/\/obispadodezaratecampana.org\/?p=14092"},"modified":"2017-09-20T21:01:23","modified_gmt":"2017-09-21T00:01:23","slug":"xi-mision-juvenil-diocesana-29-30-de-septiembre-y-1-de-octubre-2017","status":"publish","type":"post","link":"https:\/\/obispadodezaratecampana.org\/?p=14092","title":{"rendered":"XI Misi\u00f3n Juvenil Diocesana 29, 30 de septiembre y 1 de octubre 2017"},"content":{"rendered":"<h3 style=\"text-align: center;\"><span style=\"color: #008080;\">DI\u00d3CESIS DE Z\u00c1RATE &#8211; CAMPANA<\/span><\/h3>\n<h3 style=\"text-align: center;\"><span style=\"color: #008080;\">&#8220;LOS CARDALES&#8221;<\/span><\/h3>\n<h3 style=\"text-align: center;\"><span style=\"color: #008080;\">PRE INSCRIPCI\u00d3N XI MISI\u00d3N JUVENIL DIOCESANA 29 y 30 septiembre y 1 de octubre 2017\u00a0<\/span><\/h3>\n<h4 style=\"text-align: center;\"><span style=\"color: #339966;\"><a href=\"https:\/\/docs.google.com\/forms\/d\/e\/1FAIpQLSfQoEPc3TP2u38G8Txk7_SLCwBVgmdywlgBI0qa5lfKU1S5kA\/viewform\" target=\"_blank\"><span style=\"color: #339966;\">https:\/\/docs.google.com\/forms\/d\/e\/1FAIpQLSfQoEPc3TP2u38G8Txk7_SLCwBVgmdywlgBI0qa5lfKU1S5kA\/viewform<\/span><\/a><\/span><\/h4>\n<p style=\"text-align: center;\"><a href=\"https:\/\/docs.google.com\/forms\/d\/e\/1FAIpQLSfQoEPc3TP2u38G8Txk7_SLCwBVgmdywlgBI0qa5lfKU1S5kA\/viewform\" target=\"_blank\"><img fetchpriority=\"high\" decoding=\"async\" class=\"alignnone  wp-image-14093\" src=\"http:\/\/obispadodezaratecampana.org\/wp-content\/uploads\/2017\/09\/21587110_679659855565075_4726400094242199504_o-300x300.jpg\" alt=\"21587110_679659855565075_4726400094242199504_o\" width=\"701\" height=\"575\" \/><\/a><\/p>\n<!-- AddThis Advanced Settings generic via filter on the_content --><!-- AddThis Share Buttons generic via filter on the_content -->","protected":false},"excerpt":{"rendered":"<p>DI\u00d3CESIS DE Z\u00c1RATE &#8211; CAMPANA &#8220;LOS CARDALES&#8221; PRE INSCRIPCI\u00d3N XI MISI\u00d3N JUVENIL DIOCESANA 29 y 30 septiembre y 1 de octubre 2017\u00a0 https:\/\/docs.google.com\/forms\/d\/e\/1FAIpQLSfQoEPc3TP2u38G8Txk7_SLCwBVgmdywlgBI0qa5lfKU1S5kA\/viewform<!-- AddThis Advanced Settings generic via filter on get_the_excerpt --><!-- AddThis Share Buttons generic via filter on get_the_excerpt --><\/p>\n","protected":false},"author":2,"featured_media":14093,"comment_status":"open","ping_status":"open","sticky":false,"template":"","format":"standard","meta":{"footnotes":""},"categories":[1],"tags":[],"class_list":["post-14092","post","type-post","status-publish","format-standard","has-post-thumbnail","hentry","category-noticiasdiocesanas"],"_links":{"self":[{"href":"https:\/\/obispadodezaratecampana.org\/index.php?rest_route=\/wp\/v2\/posts\/14092","targetHints":{"allow":["GET"]}}],"collection":[{"href":"https:\/\/obispadodezaratecampana.org\/index.php?rest_route=\/wp\/v2\/posts"}],"about":[{"href":"https:\/\/obispadodezaratecampana.org\/index.php?rest_route=\/wp\/v2\/types\/post"}],"author":[{"embeddable":true,"href":"https:\/\/obispadodezaratecampana.org\/index.php?rest_route=\/wp\/v2\/users\/2"}],"replies":[{"embeddable":true,"href":"https:\/\/obispadodezaratecampana.org\/index.php?rest_route=%2Fwp%2Fv2%2Fcomments&post=14092"}],"version-history":[{"count":2,"href":"https:\/\/obispadodezaratecampana.org\/index.php?rest_route=\/wp\/v2\/posts\/14092\/revisions"}],"predecessor-version":[{"id":14095,"href":"https:\/\/obispadodezaratecampana.org\/index.php?rest_route=\/wp\/v2\/posts\/14092\/revisions\/14095"}],"wp:featuredmedia":[{"embeddable":true,"href":"https:\/\/obispadodezaratecampana.org\/index.php?rest_route=\/wp\/v2\/media\/14093"}],"wp:attachment":[{"href":"https:\/\/obispadodezaratecampana.org\/index.php?rest_route=%2Fwp%2Fv2%2Fmedia&parent=14092"}],"wp:term":[{"taxonomy":"category","embeddable":true,"href":"https:\/\/obispadodezaratecampana.org\/index.php?rest_route=%2Fwp%2Fv2%2Fcategories&post=14092"},{"taxonomy":"post_tag","embeddable":true,"href":"https:\/\/obispadodezaratecampana.org\/index.php?rest_route=%2Fwp%2Fv2%2Ftags&post=14092"}],"curies":[{"name":"wp","href":"https:\/\/api.w.org\/{rel}","templated":true}]}}