{"id":14089,"date":"2017-09-20T20:35:27","date_gmt":"2017-09-20T23:35:27","guid":{"rendered":"http:\/\/obispadodezaratecampana.org\/?p=14089"},"modified":"2017-09-20T20:35:27","modified_gmt":"2017-09-20T23:35:27","slug":"no-te-des-por-vencido-el-primer-enemigo-al-cual-derrotar-no-esta-fuera-de-ti-sino-dentro-el-papa-en-la-catequesis","status":"publish","type":"post","link":"https:\/\/obispadodezaratecampana.org\/?p=14089","title":{"rendered":"\u00abNo te des por vencido, el primer enemigo al cual derrotar no est\u00e1 fuera de ti, sino dentro\u00bb. El Papa en la Catequesis"},"content":{"rendered":"<p style=\"text-align: justify;\"><span style=\"color: #666699;\">(RV).- Educar a la esperanza fue el tema de la catequesis del Papa Francisco del mi\u00e9rcoles 20 de septiembre; una ense\u00f1anza que el Santo Padre quiso ofrecer a todo aquel que quiera aprender, hablando a cada uno en primera persona: \u201cPiensa &#8211; invit\u00f3 en primer lugar- all\u00ed, donde Dios ha sembrado, espera. No pienses que la lucha que conduces aqu\u00ed en la tierra es del todo in\u00fatil, porque en nosotros late una semilla de absoluto. Dios no desilusiona, y si ha puesto una esperanza en nuestro coraz\u00f3n no la quiere truncar con frustraciones continuas\u201d. \u201cTodo nace para florecer en una eterna primavera\u201d, y \u201ctambi\u00e9n Dios nos hizo para florecer\u201d. Con estas palabras inici\u00f3 su reflexi\u00f3n impartida en italiano, recordando tiernamente el di\u00e1logo entre el roble y el almendro: \u201cRecuerdo ese di\u00e1logo \u2013 dijo &#8211; , cuando el roble pidi\u00f3 al almendro, h\u00e1blame de Dios y,&#8230; \u00a1el almendro floreci\u00f3!\u201d.<\/span><\/p>\n<p style=\"text-align: justify;\"><span style=\"color: #666699;\">Dios nos hizo para florecer<\/span><\/p>\n<p style=\"text-align: justify;\"><span style=\"color: #666699;\">\u00ab \u00a1Donde Dios te ha plantado, espera! No cedas al des\u00e1nimo \u2013 inici\u00f3 diciendo en espa\u00f1ol-. Recuerda que el enemigo que tienes que derrotar est\u00e1 dentro de ti. Cree firmemente que este mundo es un milagro de Dios, que \u00e9l nos da la gracia de realizar nuevos prodigios, porque la fe y la esperanza caminan juntas. Conf\u00eda en Dios Creador, que llevar\u00e1 su creaci\u00f3n a cumplimiento definitivo, en el Esp\u00edritu Santo que gu\u00eda todo hacia el bien, en Cristo que nos espera al final de nuestra existencia\u00bb.<\/span><br \/>\n<span style=\"color: #666699;\">No permanezcas ca\u00eddo, a\u00f1adi\u00f3 en la catequesis en italiano: \u00a1\u00e1lzate! Si est\u00e1s sentado, ponte en camino, si el aburrimiento te paraliza, \u00e9chalo con obras de bien. Si te sientes vac\u00edo y desmoralizado, pide al Esp\u00edritu Santo que pueda de nuevo llenar tu vac\u00edo. Obra la paz en medio de los hombres, y no escuches la voz de quien derrama odio y divisiones. Ama y respeta el camino de cada persona, porque cada uno tiene la propia historia que contar. Sue\u00f1a, reiter\u00f3 el Papa, \u201cno tengas miedo de so\u00f1ar\u201d. Sue\u00f1a un mundo que a\u00fan no se ve, pero que ciertamente llegar\u00e1. Y s\u00e9 responsable de este mundo y de la vida de cada hombre, porque cada injusticia hacia un pobre es una herida abierta que disminuye tu propia dignidad. La vida no cesa con tu existencia, y en este mundo vendr\u00e1n otras generaciones que suceder\u00e1n a la tuya, y muchas otras a\u00fan.<\/span><\/p>\n<p style=\"text-align: justify;\"><span style=\"color: #666699;\">Lev\u00e1ntate, camina, conf\u00eda, sue\u00f1a<\/span><\/p>\n<p style=\"text-align: justify;\"><span style=\"color: #666699;\">\u00ab\u00a1No! Nunca pienses nunca que has luchado en vano, que al final de la vida nos espera el naufragio. Dios no nos enga\u00f1a, llevar\u00e1 a plenitud como una eterna primavera, la esperanza que ha puesto en nuestro coraz\u00f3n. No te quedes paralizado, lev\u00e1ntate, camina, conf\u00eda: sue\u00f1a. S\u00e9 constructor de paz y no de odio o divisi\u00f3n. Ama a tu pr\u00f3jimo, respeta el camino de cada uno, s\u00e9 compasivo y justo. Sue\u00f1a con un mundo nuevo. Pide a Dios la gracia de ser valiente. Recuerda que Jes\u00fas venci\u00f3 por nosotros al miedo, el enemigo m\u00e1s grande contra nuestra fe. Reconoce que por el Bautismo tu vida pertenece a Cristo y \u00e9l vive en ti, y a trav\u00e9s tuyo, con su mansedumbre, quiere someter a los enemigos del hombre: el pecado, el odio, el crimen, la violencia\u00bb.<\/span><\/p>\n<p style=\"text-align: justify;\"><span style=\"color: #666699;\">T\u00fa perteneces a Jes\u00fas<\/span><\/p>\n<p style=\"text-align: justify;\"><span style=\"color: #666699;\">A tener \u201cel coraje de la verdad\u201d, nos alent\u00f3 tambi\u00e9n Francisco, record\u00e1ndonos que no somos superiores a nadie, y es por eso que nos pidi\u00f3 \u201ccomo hermanos de todos los hombres\u201d, \u201cllevar en el coraz\u00f3n los sufrimientos de cada criatura\u201d. \u201cEres cristiano\u201d, nos record\u00f3 el Papa, y en la oraci\u00f3n todo lo entregamos a Dios.<\/span><br \/>\n<span style=\"color: #666699;\">\u00abRecuerda que no eres superior a nadie y que, como cristiano, eres hermano de todos los hombres. Cultiva ideales y s\u00e9 fiel a ellos. Y si te equivocas, no dudes en levantarte siempre, pues no somos infalibles, y el Hijo de Dios ha venido para rescatarnos a todos\u00bb.<\/span><br \/>\n<span style=\"color: #666699;\">Nunca caigas en la desesperaci\u00f3n<\/span><br \/>\n<span style=\"color: #666699;\">\u201cNo est\u00e9s encarcelado en tus errores, ellos no deben ser una prisi\u00f3n\u201d, nos consol\u00f3 Francisco, y reafirm\u00f3 que \u201cDios ha venido para los enfermos no para los sanos\u201d, por lo que \u201cvino tambi\u00e9n para ti\u201d. Y \u201csi te golpea la amargura\u201d \u2013a\u00f1adi\u00f3 \u2013 \u201ccree en las personas que trabajan por el bien: en su humildad est\u00e1 la semilla de un mundo nuevo. Y frecuenta las personas que han custodiado el coraz\u00f3n como el de un ni\u00f1o: aprende de la maravilla, cultiva el estupor: \u00abVive, ama, cree, sue\u00f1a. Dios es tu amigo, y con su gracia, nunca caigas en la desesperaci\u00f3n\u00bb, concluy\u00f3.<\/span><\/p>\n<p style=\"text-align: justify;\"><span style=\"color: #666699;\">(Griselda Mutual &#8211; Radio Vaticano) &#8211; Fuente 20 de septiembre 2017<\/span><\/p>\n<!-- AddThis Advanced Settings generic via filter on the_content --><!-- AddThis Share Buttons generic via filter on the_content -->","protected":false},"excerpt":{"rendered":"<p>(RV).- Educar a la esperanza fue el tema de la catequesis del Papa Francisco del mi\u00e9rcoles 20 de septiembre; una ense\u00f1anza que el Santo Padre [&hellip;]<!-- AddThis Advanced Settings generic via filter on get_the_excerpt --><!-- AddThis Share Buttons generic via filter on get_the_excerpt --><\/p>\n","protected":false},"author":2,"featured_media":14090,"comment_status":"open","ping_status":"open","sticky":false,"template":"","format":"standard","meta":{"footnotes":""},"categories":[161,1],"tags":[],"class_list":["post-14089","post","type-post","status-publish","format-standard","has-post-thumbnail","hentry","category-el-papa-leonxiv","category-noticiasdiocesanas"],"_links":{"self":[{"href":"https:\/\/obispadodezaratecampana.org\/index.php?rest_route=\/wp\/v2\/posts\/14089","targetHints":{"allow":["GET"]}}],"collection":[{"href":"https:\/\/obispadodezaratecampana.org\/index.php?rest_route=\/wp\/v2\/posts"}],"about":[{"href":"https:\/\/obispadodezaratecampana.org\/index.php?rest_route=\/wp\/v2\/types\/post"}],"author":[{"embeddable":true,"href":"https:\/\/obispadodezaratecampana.org\/index.php?rest_route=\/wp\/v2\/users\/2"}],"replies":[{"embeddable":true,"href":"https:\/\/obispadodezaratecampana.org\/index.php?rest_route=%2Fwp%2Fv2%2Fcomments&post=14089"}],"version-history":[{"count":1,"href":"https:\/\/obispadodezaratecampana.org\/index.php?rest_route=\/wp\/v2\/posts\/14089\/revisions"}],"predecessor-version":[{"id":14091,"href":"https:\/\/obispadodezaratecampana.org\/index.php?rest_route=\/wp\/v2\/posts\/14089\/revisions\/14091"}],"wp:featuredmedia":[{"embeddable":true,"href":"https:\/\/obispadodezaratecampana.org\/index.php?rest_route=\/wp\/v2\/media\/14090"}],"wp:attachment":[{"href":"https:\/\/obispadodezaratecampana.org\/index.php?rest_route=%2Fwp%2Fv2%2Fmedia&parent=14089"}],"wp:term":[{"taxonomy":"category","embeddable":true,"href":"https:\/\/obispadodezaratecampana.org\/index.php?rest_route=%2Fwp%2Fv2%2Fcategories&post=14089"},{"taxonomy":"post_tag","embeddable":true,"href":"https:\/\/obispadodezaratecampana.org\/index.php?rest_route=%2Fwp%2Fv2%2Ftags&post=14089"}],"curies":[{"name":"wp","href":"https:\/\/api.w.org\/{rel}","templated":true}]}}