{"id":14075,"date":"2017-09-28T13:23:05","date_gmt":"2017-09-28T16:23:05","guid":{"rendered":"http:\/\/obispadodezaratecampana.org\/?p=14075"},"modified":"2017-09-28T12:36:26","modified_gmt":"2017-09-28T15:36:26","slug":"14075","status":"publish","type":"post","link":"https:\/\/obispadodezaratecampana.org\/?p=14075","title":{"rendered":"Domingo 1 de octubre 16 hs: Instituci\u00f3n de Lectorado y Acolitado de nuestros seminaristas"},"content":{"rendered":"<h2 style=\"text-align: center;\"><span style=\"color: #800080;\">Misa de Clausura Misi\u00f3n Juvenil Diocesana: 1 de Octubre de 2017 a las 16 hs<\/span><\/h2>\n<h2 style=\"text-align: center;\"><span style=\"color: #800080;\">Parroquia Sagrada Familia. Calle 25 de mayo 150, Los Cardales\u00a0<\/span><\/h2>\n<h2 style=\"text-align: justify;\"><em><span style=\"color: #800080;\">Queridos hermanos:<\/span><\/em><\/h2>\n<h2 style=\"text-align: justify;\"><em><span style=\"color: #800080;\">\u00a0 \u00a0 \u00a0 \u00a0 \u00a0 \u00a0 \u00a0 \u00a0 \u00a0 \u00a0 \u00a0 \u00a0 \u00a0 \u00a0 \u00a0 \u00a0 \u00a0 \u00a0 \u00a0 \u00a0 \u00a0Con gran alegr\u00eda\u00a0los invitamos a la Instituci\u00f3n del Lectorado de los seminaristas Alejo Moreno \u00a0y Mart\u00edn Ordo\u00f1ez, y del Acolitado de los seminaristas Elias Duff y Javier Vera. La misma tendr\u00e1 lugar en la Misa de clausura de la Misi\u00f3n Juvenil Diocesana, que ser\u00e1 presidida por nuestro Obispo Pedro Laxague.<\/span><\/em><\/h2>\n<h3 style=\"text-align: justify;\"><\/h3>\n<p style=\"text-align: center;\"><img fetchpriority=\"high\" decoding=\"async\" class=\"alignnone  wp-image-14076\" src=\"http:\/\/obispadodezaratecampana.org\/wp-content\/uploads\/2017\/09\/21762196_1561293260631081_86979146112109012_n-300x211.jpg\" alt=\"21762196_1561293260631081_86979146112109012_n\" width=\"429\" height=\"382\" \/><\/p>\n<!-- AddThis Advanced Settings generic via filter on the_content --><!-- AddThis Share Buttons generic via filter on the_content -->","protected":false},"excerpt":{"rendered":"<p>Misa de Clausura Misi\u00f3n Juvenil Diocesana: 1 de Octubre de 2017 a las 16 hs Parroquia Sagrada Familia. Calle 25 de mayo 150, Los Cardales\u00a0 [&hellip;]<!-- AddThis Advanced Settings generic via filter on get_the_excerpt --><!-- AddThis Share Buttons generic via filter on get_the_excerpt --><\/p>\n","protected":false},"author":2,"featured_media":14076,"comment_status":"open","ping_status":"open","sticky":false,"template":"","format":"standard","meta":{"footnotes":""},"categories":[1],"tags":[],"class_list":["post-14075","post","type-post","status-publish","format-standard","has-post-thumbnail","hentry","category-noticiasdiocesanas"],"_links":{"self":[{"href":"https:\/\/obispadodezaratecampana.org\/index.php?rest_route=\/wp\/v2\/posts\/14075","targetHints":{"allow":["GET"]}}],"collection":[{"href":"https:\/\/obispadodezaratecampana.org\/index.php?rest_route=\/wp\/v2\/posts"}],"about":[{"href":"https:\/\/obispadodezaratecampana.org\/index.php?rest_route=\/wp\/v2\/types\/post"}],"author":[{"embeddable":true,"href":"https:\/\/obispadodezaratecampana.org\/index.php?rest_route=\/wp\/v2\/users\/2"}],"replies":[{"embeddable":true,"href":"https:\/\/obispadodezaratecampana.org\/index.php?rest_route=%2Fwp%2Fv2%2Fcomments&post=14075"}],"version-history":[{"count":5,"href":"https:\/\/obispadodezaratecampana.org\/index.php?rest_route=\/wp\/v2\/posts\/14075\/revisions"}],"predecessor-version":[{"id":14109,"href":"https:\/\/obispadodezaratecampana.org\/index.php?rest_route=\/wp\/v2\/posts\/14075\/revisions\/14109"}],"wp:featuredmedia":[{"embeddable":true,"href":"https:\/\/obispadodezaratecampana.org\/index.php?rest_route=\/wp\/v2\/media\/14076"}],"wp:attachment":[{"href":"https:\/\/obispadodezaratecampana.org\/index.php?rest_route=%2Fwp%2Fv2%2Fmedia&parent=14075"}],"wp:term":[{"taxonomy":"category","embeddable":true,"href":"https:\/\/obispadodezaratecampana.org\/index.php?rest_route=%2Fwp%2Fv2%2Fcategories&post=14075"},{"taxonomy":"post_tag","embeddable":true,"href":"https:\/\/obispadodezaratecampana.org\/index.php?rest_route=%2Fwp%2Fv2%2Ftags&post=14075"}],"curies":[{"name":"wp","href":"https:\/\/api.w.org\/{rel}","templated":true}]}}