{"id":14059,"date":"2017-09-13T10:31:09","date_gmt":"2017-09-13T13:31:09","guid":{"rendered":"http:\/\/obispadodezaratecampana.org\/?p=14059"},"modified":"2017-09-13T10:33:56","modified_gmt":"2017-09-13T13:33:56","slug":"papa-francisco-nombro-nuncio-apostolico-ante-el-gobierno-de-italia-y-el-de-san-marino-a-monsenor-emil-paul-tscherrig","status":"publish","type":"post","link":"https:\/\/obispadodezaratecampana.org\/?p=14059","title":{"rendered":"Papa Francisco nombr\u00f3 nuncio apost\u00f3lico ante el gobierno de Italia y el de San Marino a monse\u00f1or Emil Paul Tscherrig"},"content":{"rendered":"<address style=\"text-align: justify;\"><span style=\"color: #800000;\">Fuente: Conferencia Episcopal Argentina 12 de septiembre<\/span><\/address>\n<address style=\"text-align: justify;\">\u00a0<\/address>\n<address style=\"text-align: justify;\"><img fetchpriority=\"high\" decoding=\"async\" class=\"alignnone  wp-image-14060\" src=\"http:\/\/obispadodezaratecampana.org\/wp-content\/uploads\/2017\/09\/21765063_1503809106368020_7835152879353890923_n-300x202.jpg\" alt=\"21765063_1503809106368020_7835152879353890923_n\" width=\"445\" height=\"255\" \/><\/address>\n<p style=\"text-align: justify;\"><span style=\"color: #800000;\">La Oficina de Prensa de la Santa Sede ha informado hoy que el Papa Francisco ha nombrado como nuncio apost\u00f3lico ante el gobierno de Italia y el de San Marino a monse\u00f1or Emil Paul Tscherrig, actualmente nuncio en la Argentina.<\/span><br \/>\n<span style=\"color: #800000;\">Monse\u00f1or Emil Paul Tscherrig naci\u00f3 en Unterems (Suiza) el 3 de febrero de 1947. Fue ordenado sacerdote el 11 de abril de 1974, e incardinado en la di\u00f3cesis suiza de Sion. Obtuvo el t\u00edtulo de doctor en Derecho Can\u00f3nico y entr\u00f3 en el Servicio Diplom\u00e1tico de la Santa Sede el 1\u00ba de abril de 1978, prestando sus servicios sucesivamente en las representaciones pontificias de Uganda, Corea, Bangladesh, en la Secretar\u00eda de Estado de la Santa Sede, y en la Argentina. <\/span><br \/>\n<span style=\"color: #800000;\">El 4 de mayo de 1996 el beato Juan Pablo II lo nombr\u00f3 arzobispo titular de Voli y lo design\u00f3 nuncio apost\u00f3lico en Burundi. Recibi\u00f3 la ordenaci\u00f3n episcopal el 27 de junio de 1996. <\/span><br \/>\n<span style=\"color: #800000;\">El 8 de julio de 2000 el Santo Padre lo design\u00f3 nuncio apost\u00f3lico en Trinidad y Tobago, Antigua y Barbuda, Bahamas, Barbados, Dominica, Jamaica, Grenada, Guyana, Surinam, San Crist\u00f3bal y Nevis, San Vicente y las Granadinas, Santa Luc\u00eda y delegado apost\u00f3lico en las Antillas. <\/span><br \/>\n<span style=\"color: #800000;\">El 22 de mayo de 2004 fue designado nuncio apost\u00f3lico en Corea, y un mes despu\u00e9s, el 17 de junio, tambi\u00e9n en Mongolia. <\/span><br \/>\n<span style=\"color: #800000;\">El 26 de enero de 2008 fue nombrado nuncio apost\u00f3lico en Suecia, Noruega, Finlandia, Dinamarca e Islandia. <\/span><br \/>\n<span style=\"color: #800000;\">El 5 de enero de 2012 el papa Benedicto XVI lo design\u00f3 nuncio apost\u00f3lico en la Argentina, cargo del que tom\u00f3 posesi\u00f3n el 2 de marzo de 2012.<\/span><\/p>\n<!-- AddThis Advanced Settings generic via filter on the_content --><!-- AddThis Share Buttons generic via filter on the_content -->","protected":false},"excerpt":{"rendered":"<p>Fuente: Conferencia Episcopal Argentina 12 de septiembre \u00a0 La Oficina de Prensa de la Santa Sede ha informado hoy que el Papa Francisco ha nombrado [&hellip;]<!-- AddThis Advanced Settings generic via filter on get_the_excerpt --><!-- AddThis Share Buttons generic via filter on get_the_excerpt --><\/p>\n","protected":false},"author":2,"featured_media":14060,"comment_status":"open","ping_status":"open","sticky":false,"template":"","format":"standard","meta":{"footnotes":""},"categories":[161,1],"tags":[],"class_list":["post-14059","post","type-post","status-publish","format-standard","has-post-thumbnail","hentry","category-el-papa-leonxiv","category-noticiasdiocesanas"],"_links":{"self":[{"href":"https:\/\/obispadodezaratecampana.org\/index.php?rest_route=\/wp\/v2\/posts\/14059","targetHints":{"allow":["GET"]}}],"collection":[{"href":"https:\/\/obispadodezaratecampana.org\/index.php?rest_route=\/wp\/v2\/posts"}],"about":[{"href":"https:\/\/obispadodezaratecampana.org\/index.php?rest_route=\/wp\/v2\/types\/post"}],"author":[{"embeddable":true,"href":"https:\/\/obispadodezaratecampana.org\/index.php?rest_route=\/wp\/v2\/users\/2"}],"replies":[{"embeddable":true,"href":"https:\/\/obispadodezaratecampana.org\/index.php?rest_route=%2Fwp%2Fv2%2Fcomments&post=14059"}],"version-history":[{"count":3,"href":"https:\/\/obispadodezaratecampana.org\/index.php?rest_route=\/wp\/v2\/posts\/14059\/revisions"}],"predecessor-version":[{"id":14063,"href":"https:\/\/obispadodezaratecampana.org\/index.php?rest_route=\/wp\/v2\/posts\/14059\/revisions\/14063"}],"wp:featuredmedia":[{"embeddable":true,"href":"https:\/\/obispadodezaratecampana.org\/index.php?rest_route=\/wp\/v2\/media\/14060"}],"wp:attachment":[{"href":"https:\/\/obispadodezaratecampana.org\/index.php?rest_route=%2Fwp%2Fv2%2Fmedia&parent=14059"}],"wp:term":[{"taxonomy":"category","embeddable":true,"href":"https:\/\/obispadodezaratecampana.org\/index.php?rest_route=%2Fwp%2Fv2%2Fcategories&post=14059"},{"taxonomy":"post_tag","embeddable":true,"href":"https:\/\/obispadodezaratecampana.org\/index.php?rest_route=%2Fwp%2Fv2%2Ftags&post=14059"}],"curies":[{"name":"wp","href":"https:\/\/api.w.org\/{rel}","templated":true}]}}