{"id":14046,"date":"2017-09-09T10:40:16","date_gmt":"2017-09-09T13:40:16","guid":{"rendered":"http:\/\/obispadodezaratecampana.org\/?p=14046"},"modified":"2017-09-09T10:40:16","modified_gmt":"2017-09-09T13:40:16","slug":"sabado-9-septiembre-fiestas-patronales-y-confirmaciones-pquia-santa-teresa-de-calcuta-en-zarate","status":"publish","type":"post","link":"https:\/\/obispadodezaratecampana.org\/?p=14046","title":{"rendered":"S\u00e1bado 9 septiembre: Fiestas Patronales y Confirmaciones. Pquia Santa Teresa de Calcuta en Z\u00e1rate"},"content":{"rendered":"<p style=\"text-align: center;\"><a href=\"http:\/\/obispadodezaratecampana.org\/wp-content\/uploads\/2017\/09\/21427560_729009227294968_6768808920513123119_o.jpg\"><img fetchpriority=\"high\" decoding=\"async\" class=\"alignnone  wp-image-14047\" src=\"http:\/\/obispadodezaratecampana.org\/wp-content\/uploads\/2017\/09\/21427560_729009227294968_6768808920513123119_o-168x300.jpg\" alt=\"21427560_729009227294968_6768808920513123119_o\" width=\"285\" height=\"416\" \/><\/a><\/p>\n<h2 style=\"text-align: center;\"><span style=\"color: #0000ff;\">Fiestas Patronales Santa Teresa de Calcuta y Confirmaciones\u00a0<\/span><\/h2>\n<h2 style=\"text-align: center;\"><span style=\"color: #0000ff;\">Z\u00e1rate<\/span><\/h2>\n<h2 style=\"text-align: center;\"><span style=\"color: #0000ff;\">Procesi\u00f3n y misa de este s\u00e1bado 9 de septiembre\u00a0<\/span><\/h2>\n<h2 style=\"text-align: center;\"><span style=\"color: #0000ff;\">Procesi\u00f3n : saldr\u00e1 de capilla Nuestra se\u00f1ora de Itati, Alfonsina Storni 1580 entre Larrea y Dorrego, a las 17: 00hs <\/span><\/h2>\n<h2 style=\"text-align: center;\"><span style=\"color: #0000ff;\">Misa ser\u00e1 en horario habitual de 18:30 hs en la sede parroquial , calle Sargento Cabral 1960\u00a0<\/span><\/p>\n<p><span style=\"color: #0000ff;\">Luego de la misa haremos un compartir a la canasta<\/span><\/h2>\n<p>&nbsp;<\/p>\n<!-- AddThis Advanced Settings generic via filter on the_content --><!-- AddThis Share Buttons generic via filter on the_content -->","protected":false},"excerpt":{"rendered":"<p>Fiestas Patronales Santa Teresa de Calcuta y Confirmaciones\u00a0 Z\u00e1rate Procesi\u00f3n y misa de este s\u00e1bado 9 de septiembre\u00a0 Procesi\u00f3n : saldr\u00e1 de capilla Nuestra se\u00f1ora [&hellip;]<!-- AddThis Advanced Settings generic via filter on get_the_excerpt --><!-- AddThis Share Buttons generic via filter on get_the_excerpt --><\/p>\n","protected":false},"author":2,"featured_media":14047,"comment_status":"open","ping_status":"open","sticky":false,"template":"","format":"standard","meta":{"footnotes":""},"categories":[1,3],"tags":[],"class_list":["post-14046","post","type-post","status-publish","format-standard","has-post-thumbnail","hentry","category-noticiasdiocesanas","category-noticiasparroquiales"],"_links":{"self":[{"href":"https:\/\/obispadodezaratecampana.org\/index.php?rest_route=\/wp\/v2\/posts\/14046","targetHints":{"allow":["GET"]}}],"collection":[{"href":"https:\/\/obispadodezaratecampana.org\/index.php?rest_route=\/wp\/v2\/posts"}],"about":[{"href":"https:\/\/obispadodezaratecampana.org\/index.php?rest_route=\/wp\/v2\/types\/post"}],"author":[{"embeddable":true,"href":"https:\/\/obispadodezaratecampana.org\/index.php?rest_route=\/wp\/v2\/users\/2"}],"replies":[{"embeddable":true,"href":"https:\/\/obispadodezaratecampana.org\/index.php?rest_route=%2Fwp%2Fv2%2Fcomments&post=14046"}],"version-history":[{"count":1,"href":"https:\/\/obispadodezaratecampana.org\/index.php?rest_route=\/wp\/v2\/posts\/14046\/revisions"}],"predecessor-version":[{"id":14048,"href":"https:\/\/obispadodezaratecampana.org\/index.php?rest_route=\/wp\/v2\/posts\/14046\/revisions\/14048"}],"wp:featuredmedia":[{"embeddable":true,"href":"https:\/\/obispadodezaratecampana.org\/index.php?rest_route=\/wp\/v2\/media\/14047"}],"wp:attachment":[{"href":"https:\/\/obispadodezaratecampana.org\/index.php?rest_route=%2Fwp%2Fv2%2Fmedia&parent=14046"}],"wp:term":[{"taxonomy":"category","embeddable":true,"href":"https:\/\/obispadodezaratecampana.org\/index.php?rest_route=%2Fwp%2Fv2%2Fcategories&post=14046"},{"taxonomy":"post_tag","embeddable":true,"href":"https:\/\/obispadodezaratecampana.org\/index.php?rest_route=%2Fwp%2Fv2%2Ftags&post=14046"}],"curies":[{"name":"wp","href":"https:\/\/api.w.org\/{rel}","templated":true}]}}