{"id":14037,"date":"2017-08-19T10:42:41","date_gmt":"2017-08-19T13:42:41","guid":{"rendered":"http:\/\/obispadodezaratecampana.org\/?p=14037"},"modified":"2017-08-19T10:42:41","modified_gmt":"2017-08-19T13:42:41","slug":"pquia-ntra-sra-de-nazareth-en-zarate-1830-hs-fiestas-patronales","status":"publish","type":"post","link":"https:\/\/obispadodezaratecampana.org\/?p=14037","title":{"rendered":"Pquia Ntra Sra de Nazareth en Z\u00e1rate : 18:30 hs Fiestas Patronales"},"content":{"rendered":"<h3 class=\"text_exposed_root text_exposed\" style=\"text-align: justify;\"><span style=\"color: #808080;\">Invitaci\u00f3n de la comunidad de Ntra Sra de Nazareth de Z\u00e1rate:\u00a0<\/span><\/h3>\n<h3 id=\"id_59983ef29c9639e06752663\" class=\"text_exposed_root text_exposed\" style=\"text-align: justify;\"><span style=\"color: #808080;\">HERMANOS: les recordamos que ma\u00f1ana tendremos nuestra fiesta patronal:<\/span><\/p>\n<p><span style=\"color: #808080;\">*18.30 PROCESI\u00d3N DESDE LA PLACITA DE VILLA FOX<\/span><br \/>\n<span style=\"color: #808080;\">(en caso de lluvia, en ese horario rezamos el rosario en el templo parroquial)<\/span><br \/>\n<span style=\"color: #808080;\">*19.00 STA. MISA Y CONFIRMACIONES DE ADULTOS.<\/span><span class=\"text_exposed_show\"><br \/>\n<span style=\"color: #808080;\">A CONTINUACI\u00d3N, FESTEJO EN EL SAL\u00d3N PARROQUIAL, TANGO, FOLCKLORE, BAILE FAMILIAR Y BOUFFET ECON\u00d3MICO.<\/span><\/p>\n<p><span style=\"color: #808080;\">Con MAR\u00cdA:<\/span><br \/>\n<span style=\"color: #808080;\">\u00a1\u00a1\u00a1VEN\u00cd A FESTEJAR EN FAMILIA !!!<\/span><\/span><\/h3>\n<div class=\"text_exposed_root text_exposed\" style=\"text-align: center;\"><a href=\"http:\/\/obispadodezaratecampana.org\/wp-content\/uploads\/2017\/08\/20901595_578374712552657_7659681423467394017_o.jpg\"><img fetchpriority=\"high\" decoding=\"async\" class=\"alignnone size-medium wp-image-14038\" src=\"http:\/\/obispadodezaratecampana.org\/wp-content\/uploads\/2017\/08\/20901595_578374712552657_7659681423467394017_o-168x300.jpg\" alt=\"20901595_578374712552657_7659681423467394017_o\" width=\"168\" height=\"300\" srcset=\"https:\/\/obispadodezaratecampana.org\/wp-content\/uploads\/2017\/08\/20901595_578374712552657_7659681423467394017_o-168x300.jpg 168w, https:\/\/obispadodezaratecampana.org\/wp-content\/uploads\/2017\/08\/20901595_578374712552657_7659681423467394017_o-576x1024.jpg 576w\" sizes=\"(max-width: 168px) 100vw, 168px\" \/><\/a><\/div>\n<p><span id=\"fbPhotoSnowliftCaption\" class=\"fbPhotosPhotoCaption\" style=\"color: #1d2129;\" tabindex=\"0\" data-ft=\"{&quot;tn&quot;:&quot;K&quot;}\"><\/span><\/p>\n<!-- AddThis Advanced Settings generic via filter on the_content --><!-- AddThis Share Buttons generic via filter on the_content -->","protected":false},"excerpt":{"rendered":"<p>Invitaci\u00f3n de la comunidad de Ntra Sra de Nazareth de Z\u00e1rate:\u00a0 HERMANOS: les recordamos que ma\u00f1ana tendremos nuestra fiesta patronal: *18.30 PROCESI\u00d3N DESDE LA PLACITA [&hellip;]<!-- AddThis Advanced Settings generic via filter on get_the_excerpt --><!-- AddThis Share Buttons generic via filter on get_the_excerpt --><\/p>\n","protected":false},"author":2,"featured_media":14038,"comment_status":"open","ping_status":"open","sticky":false,"template":"","format":"standard","meta":{"footnotes":""},"categories":[3],"tags":[],"class_list":["post-14037","post","type-post","status-publish","format-standard","has-post-thumbnail","hentry","category-noticiasparroquiales"],"_links":{"self":[{"href":"https:\/\/obispadodezaratecampana.org\/index.php?rest_route=\/wp\/v2\/posts\/14037","targetHints":{"allow":["GET"]}}],"collection":[{"href":"https:\/\/obispadodezaratecampana.org\/index.php?rest_route=\/wp\/v2\/posts"}],"about":[{"href":"https:\/\/obispadodezaratecampana.org\/index.php?rest_route=\/wp\/v2\/types\/post"}],"author":[{"embeddable":true,"href":"https:\/\/obispadodezaratecampana.org\/index.php?rest_route=\/wp\/v2\/users\/2"}],"replies":[{"embeddable":true,"href":"https:\/\/obispadodezaratecampana.org\/index.php?rest_route=%2Fwp%2Fv2%2Fcomments&post=14037"}],"version-history":[{"count":1,"href":"https:\/\/obispadodezaratecampana.org\/index.php?rest_route=\/wp\/v2\/posts\/14037\/revisions"}],"predecessor-version":[{"id":14039,"href":"https:\/\/obispadodezaratecampana.org\/index.php?rest_route=\/wp\/v2\/posts\/14037\/revisions\/14039"}],"wp:featuredmedia":[{"embeddable":true,"href":"https:\/\/obispadodezaratecampana.org\/index.php?rest_route=\/wp\/v2\/media\/14038"}],"wp:attachment":[{"href":"https:\/\/obispadodezaratecampana.org\/index.php?rest_route=%2Fwp%2Fv2%2Fmedia&parent=14037"}],"wp:term":[{"taxonomy":"category","embeddable":true,"href":"https:\/\/obispadodezaratecampana.org\/index.php?rest_route=%2Fwp%2Fv2%2Fcategories&post=14037"},{"taxonomy":"post_tag","embeddable":true,"href":"https:\/\/obispadodezaratecampana.org\/index.php?rest_route=%2Fwp%2Fv2%2Ftags&post=14037"}],"curies":[{"name":"wp","href":"https:\/\/api.w.org\/{rel}","templated":true}]}}