{"id":14008,"date":"2017-08-11T12:49:43","date_gmt":"2017-08-11T15:49:43","guid":{"rendered":"http:\/\/obispadodezaratecampana.org\/?p=14008"},"modified":"2017-08-11T12:49:43","modified_gmt":"2017-08-11T15:49:43","slug":"consagracion-de-maria-de-los-angeles-vieira-12-de-agosto-a-las-11-hs-monasterio-de-la-visitacion-pilar","status":"publish","type":"post","link":"https:\/\/obispadodezaratecampana.org\/?p=14008","title":{"rendered":"Consagraci\u00f3n de Mar\u00eda de los \u00c1ngeles Vieira: 12 de agosto a las 11 hs Monasterio de la Visitaci\u00f3n, Pilar"},"content":{"rendered":"<p style=\"text-align: center;\">\n<p style=\"text-align: center;\">\n<p style=\"text-align: center;\">\n<h3 style=\"text-align: center;\"><span style=\"color: rgb(255, 102, 0);\">Viva + Jesus<\/span><\/h3>\n<h3 style=\"text-align: center;\"><span style=\"color: rgb(255, 102, 0);\">Las Hermanas de la Visitaci\u00f3n de Santa Mar\u00eda del Pilar tienen la alegr\u00eda de invitarlos a la Santa Misa en la que nuestra querida Hermana<\/span><\/h3>\n<h2 style=\"text-align: center;\"><span style=\"color: #ff6600;\">Mar\u00eda de los \u00c1ngeles\u00a0Vieira<\/span><\/h2>\n<h3 style=\"text-align: center;\"><span style=\"color: rgb(255, 102, 0);\">Se consagrar\u00e1 al Se\u00f1or haciendo sus votos perpetuos<\/span><\/h3>\n<h2 style=\"text-align: center;\"><span style=\"color: rgb(255, 102, 0);\">S\u00e1bado 12 de agosto a las 11 hs<\/span><\/h2>\n<h3 style=\"text-align: center;\"><em><span style=\"color: #ff6600;\">\u00a0Monasterio de la Visitaci\u00f3n, calle Champagnat 1199, Pilar, Buenos Aires<\/span><\/em><\/h3>\n<p style=\"text-align: center;\">\n<p style=\"text-align: center;\"><img fetchpriority=\"high\" decoding=\"async\" class=\"alignnone  wp-image-14009\" src=\"http:\/\/obispadodezaratecampana.org\/wp-content\/uploads\/2017\/08\/Invitacion-300x131.jpg\" alt=\"Invitacion\" width=\"465\" height=\"317\" \/><\/p>\n<p style=\"text-align: center;\">\n<p style=\"text-align: center;\">\n<p style=\"text-align: center;\">\n<!-- AddThis Advanced Settings generic via filter on the_content --><!-- AddThis Share Buttons generic via filter on the_content -->","protected":false},"excerpt":{"rendered":"<p>Viva + Jesus Las Hermanas de la Visitaci\u00f3n de Santa Mar\u00eda del Pilar tienen la alegr\u00eda de invitarlos a la Santa Misa en la que [&hellip;]<!-- AddThis Advanced Settings generic via filter on get_the_excerpt --><!-- AddThis Share Buttons generic via filter on get_the_excerpt --><\/p>\n","protected":false},"author":2,"featured_media":14009,"comment_status":"open","ping_status":"open","sticky":false,"template":"","format":"standard","meta":{"footnotes":""},"categories":[4,1],"tags":[],"class_list":["post-14008","post","type-post","status-publish","format-standard","has-post-thumbnail","hentry","category-movimientosinstituciones","category-noticiasdiocesanas"],"_links":{"self":[{"href":"https:\/\/obispadodezaratecampana.org\/index.php?rest_route=\/wp\/v2\/posts\/14008","targetHints":{"allow":["GET"]}}],"collection":[{"href":"https:\/\/obispadodezaratecampana.org\/index.php?rest_route=\/wp\/v2\/posts"}],"about":[{"href":"https:\/\/obispadodezaratecampana.org\/index.php?rest_route=\/wp\/v2\/types\/post"}],"author":[{"embeddable":true,"href":"https:\/\/obispadodezaratecampana.org\/index.php?rest_route=\/wp\/v2\/users\/2"}],"replies":[{"embeddable":true,"href":"https:\/\/obispadodezaratecampana.org\/index.php?rest_route=%2Fwp%2Fv2%2Fcomments&post=14008"}],"version-history":[{"count":1,"href":"https:\/\/obispadodezaratecampana.org\/index.php?rest_route=\/wp\/v2\/posts\/14008\/revisions"}],"predecessor-version":[{"id":14010,"href":"https:\/\/obispadodezaratecampana.org\/index.php?rest_route=\/wp\/v2\/posts\/14008\/revisions\/14010"}],"wp:featuredmedia":[{"embeddable":true,"href":"https:\/\/obispadodezaratecampana.org\/index.php?rest_route=\/wp\/v2\/media\/14009"}],"wp:attachment":[{"href":"https:\/\/obispadodezaratecampana.org\/index.php?rest_route=%2Fwp%2Fv2%2Fmedia&parent=14008"}],"wp:term":[{"taxonomy":"category","embeddable":true,"href":"https:\/\/obispadodezaratecampana.org\/index.php?rest_route=%2Fwp%2Fv2%2Fcategories&post=14008"},{"taxonomy":"post_tag","embeddable":true,"href":"https:\/\/obispadodezaratecampana.org\/index.php?rest_route=%2Fwp%2Fv2%2Ftags&post=14008"}],"curies":[{"name":"wp","href":"https:\/\/api.w.org\/{rel}","templated":true}]}}