{"id":13992,"date":"2017-08-04T19:08:32","date_gmt":"2017-08-04T22:08:32","guid":{"rendered":"http:\/\/obispadodezaratecampana.org\/?p=13992"},"modified":"2017-08-04T19:08:32","modified_gmt":"2017-08-04T22:08:32","slug":"papa-francisco-san-juan-maria-vianney-vivia-todo-cuanto-habia-recibido-para-el-servicio-de-dios-con-todo-amor","status":"publish","type":"post","link":"https:\/\/obispadodezaratecampana.org\/?p=13992","title":{"rendered":"Papa Francisco: San Juan Mar\u00eda Vianney viv\u00eda todo cuanto hab\u00eda recibido para el servicio de Dios con todo amor"},"content":{"rendered":"<p style=\"text-align: center;\"><a href=\"http:\/\/obispadodezaratecampana.org\/wp-content\/uploads\/2017\/08\/ars.jpg\"><img fetchpriority=\"high\" decoding=\"async\" class=\"alignnone size-medium wp-image-13993\" src=\"http:\/\/obispadodezaratecampana.org\/wp-content\/uploads\/2017\/08\/ars-300x212.jpg\" alt=\"ars\" width=\"300\" height=\"212\" srcset=\"https:\/\/obispadodezaratecampana.org\/wp-content\/uploads\/2017\/08\/ars-300x212.jpg 300w, https:\/\/obispadodezaratecampana.org\/wp-content\/uploads\/2017\/08\/ars.jpg 640w\" sizes=\"(max-width: 300px) 100vw, 300px\" \/><\/a><\/p>\n<h3 style=\"text-align: justify;\"><span style=\"color: #993366;\">(RV).-\u201cVuestra misi\u00f3n est\u00e1 llena de obst\u00e1culos, pero tambi\u00e9n de alegr\u00edas. Pero sobretodo es una misi\u00f3n. Una misi\u00f3n de amor, porque no se puede ense\u00f1ar sin amar, y sin el reconocimiento de que lo que dan, es s\u00f3lo un derecho que se reconoce, el del aprendizaje. Y hay tantas cosas que ense\u00f1ar, pero la m\u00e1s importante es la de hacer crecer una conciencia libre, capaz de confrontarse con la realidad, y de orientarse dentro de \u00e9sta, guiada por el amor, por la voluntad de comprometerse con los dem\u00e1s, de hacerse cargo de sus fatigas, de sus heridas, y de rehuir cualquier ego\u00edsmo, para servir al bien com\u00fan\u201d. Palabras del Papa Francisco a los sacerdotes durante su visita a Barbiana, Florencia.<\/span><br \/>\n<span style=\"color: #993366;\">En cada momento de la historia y en cada lugar, las almas han mostrado un modo singular de acoger y transmitir en Evangelio. El 4 de agosto la Iglesia celebra la memoria de San Juan Mar\u00eda Vianney que vivi\u00f3 en la Francia revolucionaria y tambi\u00e9n el tiempo que vino despu\u00e9s, en el entorno de la campi\u00f1a francesa.<\/span><br \/>\n<span style=\"color: #993366;\"> Para el Santo cura de Ars, el cuidado de las almas no pasaba por objetivos lejanos ni aventuras del esp\u00edritu, sino m\u00e1s bien por la dulzura y el cuidado de todo lo que concern\u00eda a los m\u00e1s pr\u00f3ximos, los miembros de su parroquia en la localidad francesa de Ars cerca de Lyon.<\/span><br \/>\n<span style=\"color: #993366;\">San Juan Mar\u00eda Vianney viv\u00eda todo cuanto hab\u00eda recibido para el servicio de Dios con todo amor. Se preparaba en cuerpo y alma con oraci\u00f3n, renuncias y mortificaci\u00f3n. A trav\u00e9s de los recursos propios de un p\u00e1rroco: el Evangelio, las obras de misericordia, la formaci\u00f3n de los m\u00e1s desprotegidos, el catecismo, y de modo especial, la confesi\u00f3n que practicaba durante largas horas; adem\u00e1s del consejo l\u00facido y el buen entendimiento de tantas personas que llegaban de todas partes de Francia, su labor daba frutos incesantes de conversiones y de fe.<\/span><br \/>\n<span style=\"color: #993366;\">Su preocupaci\u00f3n alcanzaba a la belleza \u201cde la casa de Dios y las solemnidades de la iglesia\u201d, y entre sus legados se encuentran los muchos cuidados del templo, y los ornamentos y vestimentas de la ceremonia, en las que pon\u00eda hasta sus propios escasos recursos para aportar un mayor esplendor y significado visual.<\/span><br \/>\n<span style=\"color: #993366;\">A lo largo de sus 40 a\u00f1os como Cura de Ars, fueron muchos los frutos de su labor evang\u00e9lica, y a pesar de no salir apenas del entorno donde primero fue enviado como sacerdote por sus superiores de la di\u00f3cesis, consigui\u00f3 atraer muchas almas a Dios y difundir la inmensa delicadeza de su fe, su discernimiento y su amor a Dios. Fue proclamado patrono de los sacerdotes, especialmente de los p\u00e1rrocos, por el Papa Benedicto XVI. <\/span><\/h3>\n<h3 style=\"text-align: justify;\"><span style=\"color: #993366;\">Fuente: Radiovaticana<\/span><\/h3>\n<h3 style=\"text-align: justify;\"><\/h3>\n<!-- AddThis Advanced Settings generic via filter on the_content --><!-- AddThis Share Buttons generic via filter on the_content -->","protected":false},"excerpt":{"rendered":"<p>(RV).-\u201cVuestra misi\u00f3n est\u00e1 llena de obst\u00e1culos, pero tambi\u00e9n de alegr\u00edas. Pero sobretodo es una misi\u00f3n. Una misi\u00f3n de amor, porque no se puede ense\u00f1ar sin [&hellip;]<!-- AddThis Advanced Settings generic via filter on get_the_excerpt --><!-- AddThis Share Buttons generic via filter on get_the_excerpt --><\/p>\n","protected":false},"author":2,"featured_media":13993,"comment_status":"open","ping_status":"open","sticky":false,"template":"","format":"standard","meta":{"footnotes":""},"categories":[161,1],"tags":[],"class_list":["post-13992","post","type-post","status-publish","format-standard","has-post-thumbnail","hentry","category-el-papa-leonxiv","category-noticiasdiocesanas"],"_links":{"self":[{"href":"https:\/\/obispadodezaratecampana.org\/index.php?rest_route=\/wp\/v2\/posts\/13992","targetHints":{"allow":["GET"]}}],"collection":[{"href":"https:\/\/obispadodezaratecampana.org\/index.php?rest_route=\/wp\/v2\/posts"}],"about":[{"href":"https:\/\/obispadodezaratecampana.org\/index.php?rest_route=\/wp\/v2\/types\/post"}],"author":[{"embeddable":true,"href":"https:\/\/obispadodezaratecampana.org\/index.php?rest_route=\/wp\/v2\/users\/2"}],"replies":[{"embeddable":true,"href":"https:\/\/obispadodezaratecampana.org\/index.php?rest_route=%2Fwp%2Fv2%2Fcomments&post=13992"}],"version-history":[{"count":1,"href":"https:\/\/obispadodezaratecampana.org\/index.php?rest_route=\/wp\/v2\/posts\/13992\/revisions"}],"predecessor-version":[{"id":13994,"href":"https:\/\/obispadodezaratecampana.org\/index.php?rest_route=\/wp\/v2\/posts\/13992\/revisions\/13994"}],"wp:featuredmedia":[{"embeddable":true,"href":"https:\/\/obispadodezaratecampana.org\/index.php?rest_route=\/wp\/v2\/media\/13993"}],"wp:attachment":[{"href":"https:\/\/obispadodezaratecampana.org\/index.php?rest_route=%2Fwp%2Fv2%2Fmedia&parent=13992"}],"wp:term":[{"taxonomy":"category","embeddable":true,"href":"https:\/\/obispadodezaratecampana.org\/index.php?rest_route=%2Fwp%2Fv2%2Fcategories&post=13992"},{"taxonomy":"post_tag","embeddable":true,"href":"https:\/\/obispadodezaratecampana.org\/index.php?rest_route=%2Fwp%2Fv2%2Ftags&post=13992"}],"curies":[{"name":"wp","href":"https:\/\/api.w.org\/{rel}","templated":true}]}}