{"id":13972,"date":"2017-07-30T13:51:16","date_gmt":"2017-07-30T16:51:16","guid":{"rendered":"http:\/\/obispadodezaratecampana.org\/?p=13972"},"modified":"2017-07-30T13:51:16","modified_gmt":"2017-07-30T16:51:16","slug":"todos-podemos-luchar-contra-la-trata-de-personas-domingo-30-de-julio-es-el-dia-mundial-de-lucha-contra-la-trata","status":"publish","type":"post","link":"https:\/\/obispadodezaratecampana.org\/?p=13972","title":{"rendered":"Todos podemos luchar contra la trata de personas. Domingo 30 de julio es el D\u00eda mundial de Lucha contra la Trata."},"content":{"rendered":"<h3 style=\"text-align: center;\"><span style=\"color: rgb(0, 0, 128);\">Todos podemos luchar contra la trata de personas.<\/span><\/h3>\n<h3 style=\"text-align: center;\"><span style=\"color: rgb(0, 0, 128);\">Domingo 30 de julio es el D\u00eda mundial de Lucha contra la Trata.<\/span><\/h3>\n<p style=\"text-align: center;\"><a href=\"http:\/\/obispadodezaratecampana.org\/wp-content\/uploads\/2017\/07\/20525568_1938935109653262_1814642120791714667_n.jpg\"><img fetchpriority=\"high\" decoding=\"async\" class=\"alignnone size-medium wp-image-13973\" src=\"http:\/\/obispadodezaratecampana.org\/wp-content\/uploads\/2017\/07\/20525568_1938935109653262_1814642120791714667_n-300x202.jpg\" alt=\"20525568_1938935109653262_1814642120791714667_n\" width=\"300\" height=\"202\" srcset=\"https:\/\/obispadodezaratecampana.org\/wp-content\/uploads\/2017\/07\/20525568_1938935109653262_1814642120791714667_n-300x202.jpg 300w, https:\/\/obispadodezaratecampana.org\/wp-content\/uploads\/2017\/07\/20525568_1938935109653262_1814642120791714667_n.jpg 900w\" sizes=\"(max-width: 300px) 100vw, 300px\" \/><\/a><\/p>\n<p style=\"text-align: justify;\">\n<span style=\"color: rgb(0, 0, 128);\">Son muchas las personas que, seducidas con falsas promesas por las redes de trata y tr\u00e1fico de personas, quedan atrapadas con fuertes cadenas en la prostituci\u00f3n, en las redes laborales, en el trabajo esclavo, en la explotaci\u00f3n sexual en el turismo o sufren la extracci\u00f3n de \u00f3rganos, entre algunas de sus formas m\u00e1s aberrantes. Son muchos los hogares que padecen la angustia cotidiana por la desaparici\u00f3n de sus seres queridos, sustra\u00eddos por los traficantes de la vida.<\/span><br \/>\n<span style=\"color: rgb(0, 0, 128);\">\u201cSe\u00f1or, te pedimos que mires esto, cambiales el coraz\u00f3n a estos esclavistas. Estos que entran en la ciudad abierta a ver qu\u00e9 pueden saquear, qu\u00e9 vida pueden anular, qu\u00e9 ni\u00f1os pueden vender, qu\u00e9 familia pueden destruir, qu\u00e9 mujer pueden explotar\u201d.(Palabras del Card. Jorge Bergoglio, en la Est. Constituci\u00f3n, septiembre de 2011)<\/span><br \/>\n<span style=\"color: rgb(0, 0, 128);\">Como sociedad civil a la cual pertenecemos, queremos sumar voluntades y esfuerzos, tomar conciencia de la gravedad y extensi\u00f3n del delito, fortalecer los v\u00ednculos educativos, y denunciar esta realidad para erradicarla. Se trata de respetar y hacer que se respete el alto valor de las personas, y la alt\u00edsima dignidad que Dios le ha otorgado..<\/span><br \/>\n<span style=\"color: rgb(0, 0, 128);\">A las autoridades de Gobierno, les corresponde una tarea particular: preocuparse, ocuparse y atender este grave problema, con persistencia y seriedad, con leyes y jueces que garanticen la justicia y la protecci\u00f3n para las v\u00edctimas y sus familias, y la condena a los culpables.<\/span><br \/>\n<span style=\"color: rgb(0, 0, 128);\">Hagamos nuestra la lucha de la prevenci\u00f3n y tengamos miradas atentas y gestos solidarios que faciliten soluciones concretas, justas y duraderas hacia aquellos que sufren este drama.<\/span><br \/>\n<span style=\"color: rgb(0, 0, 128);\">El Se\u00f1or nos ense\u00f1e a ser compasivos con estas personas y a caminar con ellos.<\/span><\/p>\n<p style=\"text-align: justify;\">\n<span style=\"color: rgb(0, 0, 128);\">Comisi\u00f3n Episcopal de Migrantes e Itinerantes<\/span><\/p>\n<p style=\"text-align: justify;\"><span style=\"color: rgb(0, 0, 128);\">Buenos Aires, 30 de julio de 2017<\/span><\/p>\n<p style=\"text-align: justify;\"><span style=\"color: rgb(0, 0, 128);\">D\u00eda Mundial de Lucha contra la Trata.<\/span><\/p>\n<p style=\"text-align: justify;\"><span style=\"color: rgb(0, 0, 128);\">Son muchas las personas que, seducidas con falsas promesas por las redes de trata y tr\u00e1fico de personas, quedan atrapadas con fuertes cadenas en la prostituci\u00f3n, en las redes laborales, en el trabajo esclavo, en la explotaci\u00f3n sexual en el turismo o sufren la extracci\u00f3n de \u00f3rganos, entre algunas de sus formas m\u00e1s aberrantes. Son muchos los hogares que padecen la angustia cotidiana por la desaparici\u00f3n de sus seres queridos, sustra\u00eddos por los traficantes de la vida.<\/span><br \/>\n<span style=\"color: rgb(0, 0, 128);\">\u201cSe\u00f1or, te pedimos que mires esto, cambiales el coraz\u00f3n a estos esclavistas. Estos que entran en la ciudad abierta a ver qu\u00e9 pueden saquear, qu\u00e9 vida pueden anular, qu\u00e9 ni\u00f1os pueden vender, qu\u00e9 familia pueden destruir, qu\u00e9 mujer pueden explotar\u201d.(Palabras del Card. Jorge Bergoglio, en la Est. Constituci\u00f3n, septiembre de 2011)<\/span><br \/>\n<span style=\"color: rgb(0, 0, 128);\">Como sociedad civil a la cual pertenecemos, queremos sumar voluntades y esfuerzos, tomar conciencia de la gravedad y extensi\u00f3n del delito, fortalecer los v\u00ednculos educativos, y denunciar esta realidad para erradicarla. Se trata de respetar y hacer que se respete el alto valor de las personas, y la alt\u00edsima dignidad que Dios le ha otorgado..<\/span><br \/>\n<span style=\"color: rgb(0, 0, 128);\">A las autoridades de Gobierno, les corresponde una tarea particular: preocuparse, ocuparse y atender este grave problema, con persistencia y seriedad, con leyes y jueces que garanticen la justicia y la protecci\u00f3n para las v\u00edctimas y sus familias, y la condena a los culpables.<\/span><br \/>\n<span style=\"color: rgb(0, 0, 128);\">Hagamos nuestra la lucha de la prevenci\u00f3n y tengamos miradas atentas y gestos solidarios que faciliten soluciones concretas, justas y duraderas hacia aquellos que sufren este drama.<\/span><br \/>\n<span style=\"color: rgb(0, 0, 128);\">El Se\u00f1or nos ense\u00f1e a ser compasivos con estas personas y a caminar con ellos.<\/span><\/p>\n<p style=\"text-align: justify;\"><span style=\"color: rgb(0, 0, 128);\">Comisi\u00f3n Episcopal de Migrantes e Itinerantes<\/span><br \/>\n<span style=\"color: rgb(0, 0, 128);\">Buenos Aires, 30 de julio de 2017<\/span><\/p>\n<!-- AddThis Advanced Settings generic via filter on the_content --><!-- AddThis Share Buttons generic via filter on the_content -->","protected":false},"excerpt":{"rendered":"<p>Todos podemos luchar contra la trata de personas. Domingo 30 de julio es el D\u00eda mundial de Lucha contra la Trata. Son muchas las personas [&hellip;]<!-- AddThis Advanced Settings generic via filter on get_the_excerpt --><!-- AddThis Share Buttons generic via filter on get_the_excerpt --><\/p>\n","protected":false},"author":2,"featured_media":13973,"comment_status":"open","ping_status":"open","sticky":false,"template":"","format":"standard","meta":{"footnotes":""},"categories":[5,1],"tags":[],"class_list":["post-13972","post","type-post","status-publish","format-standard","has-post-thumbnail","hentry","category-generales","category-noticiasdiocesanas"],"_links":{"self":[{"href":"https:\/\/obispadodezaratecampana.org\/index.php?rest_route=\/wp\/v2\/posts\/13972","targetHints":{"allow":["GET"]}}],"collection":[{"href":"https:\/\/obispadodezaratecampana.org\/index.php?rest_route=\/wp\/v2\/posts"}],"about":[{"href":"https:\/\/obispadodezaratecampana.org\/index.php?rest_route=\/wp\/v2\/types\/post"}],"author":[{"embeddable":true,"href":"https:\/\/obispadodezaratecampana.org\/index.php?rest_route=\/wp\/v2\/users\/2"}],"replies":[{"embeddable":true,"href":"https:\/\/obispadodezaratecampana.org\/index.php?rest_route=%2Fwp%2Fv2%2Fcomments&post=13972"}],"version-history":[{"count":1,"href":"https:\/\/obispadodezaratecampana.org\/index.php?rest_route=\/wp\/v2\/posts\/13972\/revisions"}],"predecessor-version":[{"id":13974,"href":"https:\/\/obispadodezaratecampana.org\/index.php?rest_route=\/wp\/v2\/posts\/13972\/revisions\/13974"}],"wp:featuredmedia":[{"embeddable":true,"href":"https:\/\/obispadodezaratecampana.org\/index.php?rest_route=\/wp\/v2\/media\/13973"}],"wp:attachment":[{"href":"https:\/\/obispadodezaratecampana.org\/index.php?rest_route=%2Fwp%2Fv2%2Fmedia&parent=13972"}],"wp:term":[{"taxonomy":"category","embeddable":true,"href":"https:\/\/obispadodezaratecampana.org\/index.php?rest_route=%2Fwp%2Fv2%2Fcategories&post=13972"},{"taxonomy":"post_tag","embeddable":true,"href":"https:\/\/obispadodezaratecampana.org\/index.php?rest_route=%2Fwp%2Fv2%2Ftags&post=13972"}],"curies":[{"name":"wp","href":"https:\/\/api.w.org\/{rel}","templated":true}]}}