{"id":13961,"date":"2017-07-23T11:57:10","date_gmt":"2017-07-23T14:57:10","guid":{"rendered":"http:\/\/obispadodezaratecampana.org\/?p=13961"},"modified":"2017-07-23T11:57:10","modified_gmt":"2017-07-23T14:57:10","slug":"22-de-julio-santa-maria-magdalena-apostol-de-los-apostoles","status":"publish","type":"post","link":"https:\/\/obispadodezaratecampana.org\/?p=13961","title":{"rendered":"22 de julio: Santa Mar\u00eda Magdalena, Ap\u00f3stol de los Ap\u00f3stoles"},"content":{"rendered":"<p style=\"text-align: center;\">\n<p style=\"text-align: center;\">\n<h4 style=\"text-align: justify;\"><span style=\"color: rgb(0, 51, 102);\">El 22 de julio la memoria de Maria Magdalena se celebra liturgicamente como el resto de los Ap\u00f3stoles, &#8220;para que se resalte la misi\u00f3n especial de una mujer que es ejemplo y modelo para todas las mujeres de la iglesia&#8221; Papa Francisco. El (Jesus) se apareci\u00f3 en el huerto a Maria Magdalena porque ella lo amo mientras viv\u00eda, lo vio morir en la cruz, lo busco yacente en el sepulcro y fue la primera en adorarlo cuando resucito entre los muertos; asi fue honrada con el oficio del apostolado entre los ap\u00f3stoles para que ellos anunciaran la buena noticia de la vida nueva hasta los confines del mundo.\u00a0<\/span><\/h4>\n<p style=\"text-align: center;\"><img fetchpriority=\"high\" decoding=\"async\" class=\"alignnone size-medium wp-image-13962\" src=\"http:\/\/obispadodezaratecampana.org\/wp-content\/uploads\/2017\/07\/20273086_1588448727856125_1602260822_o-183x300.jpg\" alt=\"20273086_1588448727856125_1602260822_o\" width=\"183\" height=\"300\" srcset=\"https:\/\/obispadodezaratecampana.org\/wp-content\/uploads\/2017\/07\/20273086_1588448727856125_1602260822_o-183x300.jpg 183w, https:\/\/obispadodezaratecampana.org\/wp-content\/uploads\/2017\/07\/20273086_1588448727856125_1602260822_o-625x1024.jpg 625w, https:\/\/obispadodezaratecampana.org\/wp-content\/uploads\/2017\/07\/20273086_1588448727856125_1602260822_o.jpg 1251w\" sizes=\"(max-width: 183px) 100vw, 183px\" \/><\/p>\n<h4 style=\"text-align: left;\"><span style=\"color: #003366;\">El pie con el que Mar\u00eda Magdalena entro al sepulcro est\u00e1 en Ro<\/span>ma<\/h4>\n<p><span style=\"color: #003366;\">Fuente: ALETEIA\u00a0<\/span><\/p>\n<p style=\"color: #000000;\"><span style=\"color: #003366;\">Entre tantos de los tesoros escondidos en Roma, podemos encontrar una reliquia muy particular en la iglesia de San Juan de\u2019Fiorentini: los restos \u00f3seos del pie de la \u201cgran convertida\u201d,\u00a0<span style=\"color: #003366;\">santa Maria Magdalena<\/span>.<\/span><\/p>\n<p style=\"color: #000000;\"><span style=\"color: #003366;\">\u00bfC\u00f3mo lleg\u00f3 el pie de Mar\u00eda de\u00a0<span style=\"color: #003366;\">Magdala<\/span>\u00a0a Roma? Para contestar esta pregunta tenemos que hacer un poco de historia. Despu\u00e9s de que la santa muriera en su casa en \u00c9feso, el lugar se convierte primero en su tumba y despu\u00e9s en su santuario.<\/span><\/p>\n<figure class=\"alignnone\" style=\"color: #000000;\"><span style=\"color: #003366;\"><img decoding=\"async\" src=\"https:\/\/i0.wp.com\/res.cloudinary.com\/aleteia\/image\/fetch\/c_fill,g_auto,w_300\/https:\/\/aleteiaspanish.files.wordpress.com\/2016\/04\/mm.jpg?resize=300%2C0&amp;quality=100&amp;strip=all&amp;ssl=1\" alt=\"\" \/><\/span><\/p>\n<footer><span style=\"color: #003366;\"><small style=\"color: #a5a5a5;\">Ma. Paola Daud<\/small><\/span><\/footer>\n<\/figure>\n<p style=\"color: #000000;\"><span style=\"color: #003366;\">\u00a0<\/span><\/p>\n<p style=\"color: #000000;\"><span style=\"color: #003366;\">En el a\u00f1o 886, el emperador bizantino Le\u00f3n VI hace trasportar su cuerpo a Constantinopla.<\/span><\/p>\n<p style=\"color: #000000;\"><span style=\"color: #003366;\">A\u00f1os despu\u00e9s, el rey de Jerusal\u00e9n concede el cuerpo al rey de Francia, y al pasar\u00a0por Roma, antes de llegar el cuerpo a su destino, le fue retirado el primer pie que entr\u00f3 en el sepulcro donde Cristo hab\u00eda resucitado, el cual fue\u00a0dispuesto en una capilla en la entrada\u00a0del Puente Sant\u2019Angelo.<\/span><\/p>\n<p style=\"color: #000000;\"><span style=\"color: #003366;\">De esta forma,\u00a0<strong style=\"font-weight: bold;\">el pie era la \u00faltima reliquia que los peregrinos deb\u00edan visitar antes de llegar a la tumba del Ap\u00f3stol Pedro.<\/strong><\/span><\/p>\n<p style=\"color: #000000;\"><span style=\"color: #003366;\">Luego con el tiempo, esta reliquia, custodiada en un elegante relicario de plata, fue\u00a0olvidada, hasta que\u00a0en el a\u00f1o 2012 fue trasladada en una solemne procesi\u00f3n a la bas\u00edlica de San Juan Bautista de\u2019Fiorentini.<\/span><\/p>\n<figure class=\"alignnone\" style=\"color: #000000;\"><span style=\"color: #003366;\"><img decoding=\"async\" src=\"https:\/\/i1.wp.com\/res.cloudinary.com\/aleteia\/image\/fetch\/c_fill,g_auto,w_300\/https:\/\/aleteiaspanish.files.wordpress.com\/2016\/04\/dsc_0346.jpg?resize=300%2C0&amp;quality=100&amp;strip=all&amp;ssl=1\" alt=\"\" \/><\/span><\/p>\n<footer><span style=\"color: #003366;\"><small style=\"color: #a5a5a5;\">Ma. Paola Daud<\/small><\/span><\/footer>\n<\/figure>\n<p style=\"color: #000000;\"><span style=\"color: #003366;\">En esta bas\u00edlica podemos tambi\u00e9n encontrar otras grandes riquezas cristianas.\u00a0El templo es un verdadero museo de arte barroco con obras de Bernini, Miguel \u00c1ngel, Della Porta, entre tantos; como as\u00ed tambi\u00e9n de\u00a0Borromini.<\/span><\/p>\n<p style=\"color: #000000;\"><span style=\"color: #003366;\">Este artista\u00a0dej\u00f3 inconcluso el \u00e1bside debido a una grave enfermedad que le llev\u00f3 a tal desesperaci\u00f3n, que el artista se atraves\u00f3 con una espada, hiri\u00e9ndose mortalmente, aunque antes de morir\u00a0se arrepinti\u00f3 religiosamente por\u00a0este\u00a0gesto extremo.\u00a0En la misma bas\u00edlica se encuentran sus restos.<\/span><\/p>\n<figure class=\"alignnone\" style=\"color: #000000;\"><span style=\"color: #003366;\"><img decoding=\"async\" src=\"https:\/\/i1.wp.com\/res.cloudinary.com\/aleteia\/image\/fetch\/c_fill,g_auto,w_300\/https:\/\/aleteiaspanish.files.wordpress.com\/2016\/04\/altar.jpg?resize=300%2C0&amp;quality=100&amp;strip=all&amp;ssl=1\" alt=\"\" \/><\/span><\/p>\n<footer><span style=\"color: #003366;\"><small style=\"color: #a5a5a5;\">Ma. Paola Daud<\/small><\/span><\/footer>\n<\/figure>\n<figure class=\"alignnone\" style=\"color: #000000;\"><span style=\"color: #003366;\"><img decoding=\"async\" src=\"https:\/\/i0.wp.com\/res.cloudinary.com\/aleteia\/image\/fetch\/c_fill,g_auto,w_300\/https:\/\/aleteiaspanish.files.wordpress.com\/2016\/04\/organo.jpg?resize=300%2C0&amp;quality=100&amp;strip=all&amp;ssl=1\" alt=\"\" \/><\/span><\/p>\n<footer><span style=\"color: #003366;\"><small style=\"color: #a5a5a5;\">Ma. Paola Daud<\/small><\/span><\/footer>\n<\/figure>\n<p style=\"color: #000000;\"><span style=\"color: #003366;\">Tambi\u00e9n podemos encontrar en San Juan Bautista de\u2019Fiorentini, un poco escondida a la derecha en una c\u00e1lida capillita realizada en su honor, la primera imagen en Roma del Jes\u00fas de la Divina Misericordia, por la cual en este a\u00f1o jubilar de la misericordia la bas\u00edlica se encuentra abierta en horario m\u00e1s prolongado.<\/span><\/p>\n<figure class=\"alignnone\" style=\"color: #000000;\"><span style=\"color: #003366;\"><img decoding=\"async\" src=\"https:\/\/i0.wp.com\/res.cloudinary.com\/aleteia\/image\/fetch\/c_fill,g_auto,w_300\/https:\/\/aleteiaspanish.files.wordpress.com\/2016\/04\/divina-misericordia.jpg?resize=300%2C0&amp;quality=100&amp;strip=all&amp;ssl=1\" alt=\"\" \/><\/span><\/p>\n<footer><span style=\"color: #003366;\"><small style=\"color: #a5a5a5;\">Ma. Paola Daud<\/small><\/span><\/footer>\n<\/figure>\n<p style=\"color: #000000;\"><span style=\"color: #003366;\">Para terminar, quiero compartir una\u00a0tradici\u00f3n con respecto a santa Mar\u00eda Magdalena, que quiz\u00e1s no conoc\u00edas y viene justamente de una an\u00e9cdota de la santa, la de los\u00a0<strong style=\"font-weight: bold;\">huevos de Pascua.<\/strong><\/span><\/p>\n<p style=\"color: #000000;\"><span style=\"color: #003366;\">Se dice que, invitada a un banquete por el emperador Tiberio, esta, sosteniendo un huevo de gallina, exclam\u00f3: \u00a1Cristo ha resucitado!\u00a0<strong style=\"font-weight: bold;\">El emperador se ri\u00f3 y le dijo que eso era tan probable como que el huevo se volviera rojo.<\/strong><\/span><\/p>\n<p style=\"color: #000000;\"><span style=\"color: #003366;\">Antes de que acabara de hablar, el huevo se hab\u00eda vuelto rojo. Desde entonces los cristianos ortodoxos, en el periodo pascual, pintan los huevos de colores, una tradici\u00f3n que se ha hecho mundialmente popular hasta nuestros d\u00edas.<\/span><\/p>\n<figure class=\"alignnone\" style=\"color: #000000;\"><span style=\"color: #003366;\"><img decoding=\"async\" src=\"https:\/\/i1.wp.com\/res.cloudinary.com\/aleteia\/image\/fetch\/c_fill,g_auto,w_300\/https:\/\/aleteiaspanish.files.wordpress.com\/2016\/04\/b30086.jpg?resize=300%2C0&amp;quality=100&amp;strip=all&amp;ssl=1\" alt=\"\" \/><\/span><\/p>\n<footer><span style=\"color: #003366;\"><small style=\"color: #a5a5a5;\">torange.biz<\/small><\/span><\/footer>\n<\/figure>\n<p>&nbsp;<\/p>\n<!-- AddThis Advanced Settings generic via filter on the_content --><!-- AddThis Share Buttons generic via filter on the_content -->","protected":false},"excerpt":{"rendered":"<p>El 22 de julio la memoria de Maria Magdalena se celebra liturgicamente como el resto de los Ap\u00f3stoles, &#8220;para que se resalte la misi\u00f3n especial [&hellip;]<!-- AddThis Advanced Settings generic via filter on get_the_excerpt --><!-- AddThis Share Buttons generic via filter on get_the_excerpt --><\/p>\n","protected":false},"author":2,"featured_media":13963,"comment_status":"open","ping_status":"open","sticky":false,"template":"","format":"standard","meta":{"footnotes":""},"categories":[1,166],"tags":[],"class_list":["post-13961","post","type-post","status-publish","format-standard","has-post-thumbnail","hentry","category-noticiasdiocesanas","category-santoral"],"_links":{"self":[{"href":"https:\/\/obispadodezaratecampana.org\/index.php?rest_route=\/wp\/v2\/posts\/13961","targetHints":{"allow":["GET"]}}],"collection":[{"href":"https:\/\/obispadodezaratecampana.org\/index.php?rest_route=\/wp\/v2\/posts"}],"about":[{"href":"https:\/\/obispadodezaratecampana.org\/index.php?rest_route=\/wp\/v2\/types\/post"}],"author":[{"embeddable":true,"href":"https:\/\/obispadodezaratecampana.org\/index.php?rest_route=\/wp\/v2\/users\/2"}],"replies":[{"embeddable":true,"href":"https:\/\/obispadodezaratecampana.org\/index.php?rest_route=%2Fwp%2Fv2%2Fcomments&post=13961"}],"version-history":[{"count":1,"href":"https:\/\/obispadodezaratecampana.org\/index.php?rest_route=\/wp\/v2\/posts\/13961\/revisions"}],"predecessor-version":[{"id":13964,"href":"https:\/\/obispadodezaratecampana.org\/index.php?rest_route=\/wp\/v2\/posts\/13961\/revisions\/13964"}],"wp:featuredmedia":[{"embeddable":true,"href":"https:\/\/obispadodezaratecampana.org\/index.php?rest_route=\/wp\/v2\/media\/13963"}],"wp:attachment":[{"href":"https:\/\/obispadodezaratecampana.org\/index.php?rest_route=%2Fwp%2Fv2%2Fmedia&parent=13961"}],"wp:term":[{"taxonomy":"category","embeddable":true,"href":"https:\/\/obispadodezaratecampana.org\/index.php?rest_route=%2Fwp%2Fv2%2Fcategories&post=13961"},{"taxonomy":"post_tag","embeddable":true,"href":"https:\/\/obispadodezaratecampana.org\/index.php?rest_route=%2Fwp%2Fv2%2Ftags&post=13961"}],"curies":[{"name":"wp","href":"https:\/\/api.w.org\/{rel}","templated":true}]}}