{"id":13950,"date":"2017-07-17T14:19:18","date_gmt":"2017-07-17T17:19:18","guid":{"rendered":"http:\/\/obispadodezaratecampana.org\/?p=13950"},"modified":"2017-07-17T14:19:18","modified_gmt":"2017-07-17T17:19:18","slug":"caritas-area-adicciones-todos-los-miercoles-parroquia-san-luis-gonzaga-pilar","status":"publish","type":"post","link":"https:\/\/obispadodezaratecampana.org\/?p=13950","title":{"rendered":"C\u00e1ritas \u00c1rea Adicciones: Todos los mi\u00e9rcoles Parroquia San Luis Gonzaga, Pilar"},"content":{"rendered":"<p style=\"text-align: center;\"><a href=\"http:\/\/obispadodezaratecampana.org\/wp-content\/uploads\/2017\/07\/19264377_1908095182779180_4782669125040928807_o.jpg\"><img fetchpriority=\"high\" decoding=\"async\" class=\"alignnone  wp-image-13951\" src=\"http:\/\/obispadodezaratecampana.org\/wp-content\/uploads\/2017\/07\/19264377_1908095182779180_4782669125040928807_o-300x172.jpg\" alt=\"19264377_1908095182779180_4782669125040928807_o\" width=\"480\" height=\"389\" \/><\/a><\/p>\n<!-- AddThis Advanced Settings generic via filter on the_content --><!-- AddThis Share Buttons generic via filter on the_content -->","protected":false},"excerpt":{"rendered":"<p><!-- AddThis Advanced Settings generic via filter on get_the_excerpt --><!-- AddThis Share Buttons generic via filter on get_the_excerpt --><\/p>\n","protected":false},"author":2,"featured_media":13951,"comment_status":"open","ping_status":"open","sticky":false,"template":"","format":"standard","meta":{"footnotes":""},"categories":[3],"tags":[],"class_list":["post-13950","post","type-post","status-publish","format-standard","has-post-thumbnail","hentry","category-noticiasparroquiales"],"_links":{"self":[{"href":"https:\/\/obispadodezaratecampana.org\/index.php?rest_route=\/wp\/v2\/posts\/13950","targetHints":{"allow":["GET"]}}],"collection":[{"href":"https:\/\/obispadodezaratecampana.org\/index.php?rest_route=\/wp\/v2\/posts"}],"about":[{"href":"https:\/\/obispadodezaratecampana.org\/index.php?rest_route=\/wp\/v2\/types\/post"}],"author":[{"embeddable":true,"href":"https:\/\/obispadodezaratecampana.org\/index.php?rest_route=\/wp\/v2\/users\/2"}],"replies":[{"embeddable":true,"href":"https:\/\/obispadodezaratecampana.org\/index.php?rest_route=%2Fwp%2Fv2%2Fcomments&post=13950"}],"version-history":[{"count":1,"href":"https:\/\/obispadodezaratecampana.org\/index.php?rest_route=\/wp\/v2\/posts\/13950\/revisions"}],"predecessor-version":[{"id":13952,"href":"https:\/\/obispadodezaratecampana.org\/index.php?rest_route=\/wp\/v2\/posts\/13950\/revisions\/13952"}],"wp:featuredmedia":[{"embeddable":true,"href":"https:\/\/obispadodezaratecampana.org\/index.php?rest_route=\/wp\/v2\/media\/13951"}],"wp:attachment":[{"href":"https:\/\/obispadodezaratecampana.org\/index.php?rest_route=%2Fwp%2Fv2%2Fmedia&parent=13950"}],"wp:term":[{"taxonomy":"category","embeddable":true,"href":"https:\/\/obispadodezaratecampana.org\/index.php?rest_route=%2Fwp%2Fv2%2Fcategories&post=13950"},{"taxonomy":"post_tag","embeddable":true,"href":"https:\/\/obispadodezaratecampana.org\/index.php?rest_route=%2Fwp%2Fv2%2Ftags&post=13950"}],"curies":[{"name":"wp","href":"https:\/\/api.w.org\/{rel}","templated":true}]}}