{"id":13944,"date":"2017-07-17T12:16:03","date_gmt":"2017-07-17T15:16:03","guid":{"rendered":"http:\/\/obispadodezaratecampana.org\/?p=13944"},"modified":"2017-07-17T12:16:03","modified_gmt":"2017-07-17T15:16:03","slug":"seminario-de-delegados-diocesanos-de-comunicacion-comision-episcopal-de-comunicacion","status":"publish","type":"post","link":"https:\/\/obispadodezaratecampana.org\/?p=13944","title":{"rendered":"SEMINARIO DE DELEGADOS DIOCESANOS DE COMUNICACI\u00d3N.  COMISI\u00d3N EPISCOPAL DE COMUNICACI\u00d3N"},"content":{"rendered":"<p style=\"text-align: center;\"><span style=\"color: #800000;\">SEMINARIO DE DELEGADOS DIOCESANOS DE COMUNICACI\u00d3N. <\/span><br \/>\n<span style=\"color: #800000;\">COMISI\u00d3N EPISCOPAL DE COMUNICACI\u00d3N<\/span><\/p>\n<p style=\"text-align: justify;\">\n<span style=\"color: #800000;\">Los d\u00edas 7, 8 y 9 de Julio se realiz\u00f3 en la sede de la UATRE en Capital Federal, el Seminario para Delegados de Comunicaci\u00f3n de las Di\u00f3cesis de la Argentina, organizado por la Comisi\u00f3n Episcopal de Comunicaci\u00f3n Social.<\/span><br \/>\n<span style=\"color: #800000;\">Fue presidido por el Presidente de la Comisi\u00f3n, Monse\u00f1or Santiago Olivera, y estuvo acompa\u00f1ado por Monse\u00f1or Miguel \u00c1ngel D\u00b4Annibale, Monse\u00f1or Alfonso Delgado y Monse\u00f1or Gabriel Barba, todos miembros de la Comisi\u00f3n. Hizo llegar su saludo Monse\u00f1or Rub\u00e9n Mart\u00ednez quien presid\u00eda en su di\u00f3cesis de Posadas la celebraci\u00f3n por el 60\u00b0 aniversario de la creaci\u00f3n de la misma.<\/span><br \/>\n<span style=\"color: #800000;\">El Seminario estuvo inspirado en el mensaje del Papa Francisco para la Jornada de las Comunicaciones Sociales. &#8220;Comunicar confianza y esperanza en nuestros tiempos&#8221;<\/span><br \/>\n<span style=\"color: #800000;\">Participaron 71 delegados de 36 di\u00f3cesis de la Argentina. Se destaca la presencia de nuevos delegados y j\u00f3venes con mucho entusiasmo para la tarea de animar la pastoral comunicacional.<\/span><br \/>\n<span style=\"color: #800000;\">Al comenzar el encuentro Esteban Pittaro miembro del DECOSOC (Departamento de Comunicaci\u00f3n social) present\u00f3 una investigaci\u00f3n sobre el impacto de las noticias de la Iglesia en la opini\u00f3n p\u00fablica. Luego, distintas di\u00f3cesis contaron experiencias de gesti\u00f3n de la comunicaci\u00f3n para acompa\u00f1ar la presentaci\u00f3n.<\/span><br \/>\n<span style=\"color: #800000;\">Durante el d\u00eda s\u00e1bado y en distintos paneles se profundiz\u00f3 el mensaje del Papa y junto a los participantes, distintos panelistas reflexionaron sobre la confianza y esperanza para comunicar en el mundo de hoy. Los comunicadores tambi\u00e9n resaltaron la necesidad del fortalecimiento de la identidad cristiana del comunicador.<\/span><br \/>\n<span style=\"color: #800000;\">Estuvieron presentes en los paneles: Silvina Oranges, Ver\u00f3nica Toller, Santiago Farrel, Mariano de Vedia, Hern\u00e1n Capiello, Juan Mart\u00edn Ezratti, Tito Garabal, Sergio Rubin, Alberto Roselli e Isabel Gatti. Fueron moderados por los Presb\u00edteros Martin Bernal, M\u00e1ximo Jurcinovic y por Roberto Dabusti.<\/span><br \/>\n<span style=\"color: #800000;\">El domingo a la ma\u00f1ana hubo lugar para reuniones de regiones pastorales y el Seminario culmin\u00f3 con la celebraci\u00f3n de la Misa que presidi\u00f3 Monse\u00f1or Alfonso Delgado, Arzobispo Em\u00e9rito de San Juan. En la misma pidi\u00f3 a los comunicadores seguir aprendiendo y escuchando. Y todos rezaron por la Patria en el d\u00eda de la Independencia.<\/span><br \/>\n<span style=\"color: #800000;\">Al finalizar el Seminario, Monse\u00f1or Olivera manifest\u00f3 su gratitud por lo compartido y vivido en el encuentro. Adem\u00e1s expres\u00f3 el deseo de la Comisi\u00f3n de caminar hacia un Congreso Nacional de Comunicadores Cat\u00f3licos, en el a\u00f1o 2018.<\/span><\/p>\n<p style=\"text-align: center;\"><a href=\"http:\/\/obispadodezaratecampana.org\/wp-content\/uploads\/2017\/07\/image-2.png\"><img fetchpriority=\"high\" decoding=\"async\" class=\"alignnone size-medium wp-image-13946\" src=\"http:\/\/obispadodezaratecampana.org\/wp-content\/uploads\/2017\/07\/image-2-300x168.png\" alt=\"image (2)\" width=\"300\" height=\"168\" srcset=\"https:\/\/obispadodezaratecampana.org\/wp-content\/uploads\/2017\/07\/image-2-300x168.png 300w, https:\/\/obispadodezaratecampana.org\/wp-content\/uploads\/2017\/07\/image-2.png 907w\" sizes=\"(max-width: 300px) 100vw, 300px\" \/><\/a> <a href=\"http:\/\/obispadodezaratecampana.org\/wp-content\/uploads\/2017\/07\/image-11.png\"><img decoding=\"async\" class=\"alignnone size-medium wp-image-13947\" src=\"http:\/\/obispadodezaratecampana.org\/wp-content\/uploads\/2017\/07\/image-11-300x168.png\" alt=\"image (1)\" width=\"300\" height=\"168\" srcset=\"https:\/\/obispadodezaratecampana.org\/wp-content\/uploads\/2017\/07\/image-11-300x168.png 300w, https:\/\/obispadodezaratecampana.org\/wp-content\/uploads\/2017\/07\/image-11-1024x575.png 1024w, https:\/\/obispadodezaratecampana.org\/wp-content\/uploads\/2017\/07\/image-11.png 1177w\" sizes=\"(max-width: 300px) 100vw, 300px\" \/><\/a> <a href=\"http:\/\/obispadodezaratecampana.org\/wp-content\/uploads\/2017\/07\/image.png\"><img decoding=\"async\" class=\"alignnone size-medium wp-image-13948\" src=\"http:\/\/obispadodezaratecampana.org\/wp-content\/uploads\/2017\/07\/image-300x168.png\" alt=\"image\" width=\"300\" height=\"168\" srcset=\"https:\/\/obispadodezaratecampana.org\/wp-content\/uploads\/2017\/07\/image-300x168.png 300w, https:\/\/obispadodezaratecampana.org\/wp-content\/uploads\/2017\/07\/image-1024x575.png 1024w, https:\/\/obispadodezaratecampana.org\/wp-content\/uploads\/2017\/07\/image.png 1090w\" sizes=\"(max-width: 300px) 100vw, 300px\" \/><\/a><\/p>\n<!-- AddThis Advanced Settings generic via filter on the_content --><!-- AddThis Share Buttons generic via filter on the_content -->","protected":false},"excerpt":{"rendered":"<p>SEMINARIO DE DELEGADOS DIOCESANOS DE COMUNICACI\u00d3N. COMISI\u00d3N EPISCOPAL DE COMUNICACI\u00d3N Los d\u00edas 7, 8 y 9 de Julio se realiz\u00f3 en la sede de la [&hellip;]<!-- AddThis Advanced Settings generic via filter on get_the_excerpt --><!-- AddThis Share Buttons generic via filter on get_the_excerpt --><\/p>\n","protected":false},"author":2,"featured_media":13945,"comment_status":"open","ping_status":"open","sticky":false,"template":"","format":"standard","meta":{"footnotes":""},"categories":[5,1],"tags":[],"class_list":["post-13944","post","type-post","status-publish","format-standard","has-post-thumbnail","hentry","category-generales","category-noticiasdiocesanas"],"_links":{"self":[{"href":"https:\/\/obispadodezaratecampana.org\/index.php?rest_route=\/wp\/v2\/posts\/13944","targetHints":{"allow":["GET"]}}],"collection":[{"href":"https:\/\/obispadodezaratecampana.org\/index.php?rest_route=\/wp\/v2\/posts"}],"about":[{"href":"https:\/\/obispadodezaratecampana.org\/index.php?rest_route=\/wp\/v2\/types\/post"}],"author":[{"embeddable":true,"href":"https:\/\/obispadodezaratecampana.org\/index.php?rest_route=\/wp\/v2\/users\/2"}],"replies":[{"embeddable":true,"href":"https:\/\/obispadodezaratecampana.org\/index.php?rest_route=%2Fwp%2Fv2%2Fcomments&post=13944"}],"version-history":[{"count":1,"href":"https:\/\/obispadodezaratecampana.org\/index.php?rest_route=\/wp\/v2\/posts\/13944\/revisions"}],"predecessor-version":[{"id":13949,"href":"https:\/\/obispadodezaratecampana.org\/index.php?rest_route=\/wp\/v2\/posts\/13944\/revisions\/13949"}],"wp:featuredmedia":[{"embeddable":true,"href":"https:\/\/obispadodezaratecampana.org\/index.php?rest_route=\/wp\/v2\/media\/13945"}],"wp:attachment":[{"href":"https:\/\/obispadodezaratecampana.org\/index.php?rest_route=%2Fwp%2Fv2%2Fmedia&parent=13944"}],"wp:term":[{"taxonomy":"category","embeddable":true,"href":"https:\/\/obispadodezaratecampana.org\/index.php?rest_route=%2Fwp%2Fv2%2Fcategories&post=13944"},{"taxonomy":"post_tag","embeddable":true,"href":"https:\/\/obispadodezaratecampana.org\/index.php?rest_route=%2Fwp%2Fv2%2Ftags&post=13944"}],"curies":[{"name":"wp","href":"https:\/\/api.w.org\/{rel}","templated":true}]}}