{"id":13941,"date":"2017-07-14T12:06:26","date_gmt":"2017-07-14T15:06:26","guid":{"rendered":"http:\/\/obispadodezaratecampana.org\/?p=13941"},"modified":"2017-07-14T12:06:26","modified_gmt":"2017-07-14T15:06:26","slug":"viernes-14-de-julio-18-30-hs-encuentro-para-matrimonios-y-parejas-en-pilar","status":"publish","type":"post","link":"https:\/\/obispadodezaratecampana.org\/?p=13941","title":{"rendered":"Viernes 14 de julio 18: 30 hs Encuentro para matrimonios y parejas en Pilar"},"content":{"rendered":"<p style=\"text-align: center;\">Encuentro para matrimonios y parejas<\/p>\n<p style=\"text-align: center;\">Viernes 14 de julio de 18: 30 hs a 21: 30 hs<\/p>\n<p style=\"text-align: center;\">Entrada Gratuita<\/p>\n<p style=\"text-align: center;\">Lugar: Ruta Provincial 25 y Panamericana. Colectora Arnoldo Janssen s\/n. Pilar Centro, Buenos Aires. Con guarder\u00eda.<\/p>\n<p style=\"text-align: center;\">Con la participaci\u00f3n desde Colombia de Humberto D\u00edaz e Isabel Bot\u00eda. Miembros del Equipo de apoyo del Celam en el Area de Familia, de la Comisi\u00f3n Nacional de Familia de la Conferencia Episcopal Colombiana.<\/p>\n<p style=\"text-align: center;\">Llevar algo dulce para compartir.<\/p>\n<p style=\"text-align: center;\">Invitaci\u00f3n de la Renovaci\u00f3n Carism\u00e1tica Cat\u00f3lica y abierto a toda la comunidad.<\/p>\n<p style=\"text-align: center;\">\n<p style=\"text-align: center;\"><img fetchpriority=\"high\" decoding=\"async\" class=\"alignnone size-medium wp-image-13942\" src=\"http:\/\/obispadodezaratecampana.org\/wp-content\/uploads\/2017\/07\/19944570_888231071335760_6705637570734774871_o-270x300.jpg\" alt=\"19944570_888231071335760_6705637570734774871_o\" width=\"270\" height=\"300\" srcset=\"https:\/\/obispadodezaratecampana.org\/wp-content\/uploads\/2017\/07\/19944570_888231071335760_6705637570734774871_o-270x300.jpg 270w, https:\/\/obispadodezaratecampana.org\/wp-content\/uploads\/2017\/07\/19944570_888231071335760_6705637570734774871_o-921x1024.jpg 921w, https:\/\/obispadodezaratecampana.org\/wp-content\/uploads\/2017\/07\/19944570_888231071335760_6705637570734774871_o.jpg 1008w\" sizes=\"(max-width: 270px) 100vw, 270px\" \/><\/p>\n<!-- AddThis Advanced Settings generic via filter on the_content --><!-- AddThis Share Buttons generic via filter on the_content -->","protected":false},"excerpt":{"rendered":"<p>Encuentro para matrimonios y parejas Viernes 14 de julio de 18: 30 hs a 21: 30 hs Entrada Gratuita Lugar: Ruta Provincial 25 y Panamericana. [&hellip;]<!-- AddThis Advanced Settings generic via filter on get_the_excerpt --><!-- AddThis Share Buttons generic via filter on get_the_excerpt --><\/p>\n","protected":false},"author":2,"featured_media":13942,"comment_status":"open","ping_status":"open","sticky":false,"template":"","format":"standard","meta":{"footnotes":""},"categories":[4,1],"tags":[],"class_list":["post-13941","post","type-post","status-publish","format-standard","has-post-thumbnail","hentry","category-movimientosinstituciones","category-noticiasdiocesanas"],"_links":{"self":[{"href":"https:\/\/obispadodezaratecampana.org\/index.php?rest_route=\/wp\/v2\/posts\/13941","targetHints":{"allow":["GET"]}}],"collection":[{"href":"https:\/\/obispadodezaratecampana.org\/index.php?rest_route=\/wp\/v2\/posts"}],"about":[{"href":"https:\/\/obispadodezaratecampana.org\/index.php?rest_route=\/wp\/v2\/types\/post"}],"author":[{"embeddable":true,"href":"https:\/\/obispadodezaratecampana.org\/index.php?rest_route=\/wp\/v2\/users\/2"}],"replies":[{"embeddable":true,"href":"https:\/\/obispadodezaratecampana.org\/index.php?rest_route=%2Fwp%2Fv2%2Fcomments&post=13941"}],"version-history":[{"count":1,"href":"https:\/\/obispadodezaratecampana.org\/index.php?rest_route=\/wp\/v2\/posts\/13941\/revisions"}],"predecessor-version":[{"id":13943,"href":"https:\/\/obispadodezaratecampana.org\/index.php?rest_route=\/wp\/v2\/posts\/13941\/revisions\/13943"}],"wp:featuredmedia":[{"embeddable":true,"href":"https:\/\/obispadodezaratecampana.org\/index.php?rest_route=\/wp\/v2\/media\/13942"}],"wp:attachment":[{"href":"https:\/\/obispadodezaratecampana.org\/index.php?rest_route=%2Fwp%2Fv2%2Fmedia&parent=13941"}],"wp:term":[{"taxonomy":"category","embeddable":true,"href":"https:\/\/obispadodezaratecampana.org\/index.php?rest_route=%2Fwp%2Fv2%2Fcategories&post=13941"},{"taxonomy":"post_tag","embeddable":true,"href":"https:\/\/obispadodezaratecampana.org\/index.php?rest_route=%2Fwp%2Fv2%2Ftags&post=13941"}],"curies":[{"name":"wp","href":"https:\/\/api.w.org\/{rel}","templated":true}]}}