{"id":13926,"date":"2017-05-27T12:28:43","date_gmt":"2017-05-27T15:28:43","guid":{"rendered":"http:\/\/obispadodezaratecampana.org\/?p=13926"},"modified":"2017-05-27T12:28:43","modified_gmt":"2017-05-27T15:28:43","slug":"celebrando-esta-51-jornada-mundial-de-las-comunicaciones-sociales-queremos-renovar-nuestro-compromiso-con-la-comunicacion-y-los-comunicadores","status":"publish","type":"post","link":"https:\/\/obispadodezaratecampana.org\/?p=13926","title":{"rendered":"Celebrando esta 51\u00b0 Jornada Mundial de las Comunicaciones sociales, queremos renovar nuestro compromiso con la comunicaci\u00f3n y los comunicadores."},"content":{"rendered":"<p style=\"text-align: center;\"><span style=\"color: #008080;\"><strong>Mensaje de Mons. Olivera para la Jornada Mundial de las Comunicaciones Sociales<\/strong><\/span><\/p>\n<p style=\"text-align: center;\"><span style=\"color: #008080;\">Celebrando esta 51\u00b0 Jornada Mundial de las Comunicaciones sociales, queremos renovar nuestro compromiso con la comunicaci\u00f3n y los comunicadores.<\/span><\/p>\n<p style=\"text-align: justify;\"><span style=\"color: #008080;\">Los mensajes de los distintos Papas en ya m\u00e1s de 50 jornadas de comunicaci\u00f3n social, nos van dando pistas y ayudas. El Santo Padre Francisco ilumina este camino. Creo personalmente que hay que desarrollar un plan, una estrategia de comunicaci\u00f3n en la Iglesia. Hay que crecer\u00a0 para que haya cada vez m\u00e1s profesionales de la comunicaci\u00f3n.\u00a0 En la Iglesia como tal debemos entender que la comunicaci\u00f3n es siempre para la comuni\u00f3n y est\u00e1 \u00edntimamente relacionada con nuestro ser cristiano. En esta Jornada Mundial de las Comunicaciones Sociales tiene lugar desde siempre en la Solemnidad de la Ascensi\u00f3n del Se\u00f1or. Justamente en ese momento de su vida\u00a0 Jes\u00fas env\u00eda a comunicar. La Iglesia siempre comunica y por eso tenemos que pensar esos desaf\u00edos que conlleva tener una relaci\u00f3n entre Iglesia y comunicaci\u00f3n.<\/span><\/p>\n<p style=\"text-align: justify;\"><span style=\"color: #008080;\">Tenemos que consolidar v\u00ednculos entre los comunicadores, para como bien dice el Papa Francisco seamos comunicadores de esperanza, comunicadores de confianza porque el Reino de Dios est\u00e1 cerca, porque Jes\u00fas da una nueva mirada a la vida. El Papa en este mensaje nos habla que podemos mirar la vida seg\u00fan el cristal que miremos, pero el cristal para los cristianos es el Evangelio. \u00a1Qu\u00e9 gran desaf\u00edo para los comunicadores tener esto en cuenta!<\/span><\/p>\n<p style=\"text-align: justify;\"><span style=\"color: #008080;\">Por otra parte hoy en d\u00eda, con la comunicaci\u00f3n por medios tan r\u00e1pidos, muchos individuos podemos recibir noticias y difundirlas de un modo capilar dice el Papa Francisco. Los medios de comunicaci\u00f3n deben estar al servicio de una vida m\u00e1s justa, de una vida m\u00e1s fraterna. Tienen que estar al servicio de la comuni\u00f3n<\/span><\/p>\n<p style=\"text-align: justify;\"><span style=\"color: #008080;\">En esta Jornada de las Comunicaciones el Papa habla de una comunicaci\u00f3n constructiva, comunicaci\u00f3n que rechaza los prejuicios contra los dem\u00e1s. Todo comunicador debe tener claro esto. La comunicaci\u00f3n de la verdad\u00a0 no es comunicar s\u00f3lo cosas buenas, pero en esas cosas malas poner una mirada distinta donde el protagonista no sea el mal. Debemos comunicar para favorecer soluciones.<\/span><\/p>\n<p style=\"text-align: justify;\"><span style=\"color: #008080;\">El Papa nos pide comunicar la humilde potencia del Evangelio con esperanza y comunicar mirando al cielo. Comunicar con esa esperanza que nos renueva. Utiliza el Santo Padre una imagen muy linda: La esperanza es humilde pero es como la levadura que hace fermentar toda la masa.<\/span><\/p>\n<p style=\"text-align: justify;\"><span style=\"color: #008080;\">Es un gran desaf\u00edo ser comunicador, entender lo que comunicamos y como lo comunicamos. Estamos invitados a romper ese c\u00edrculo vicioso de la angustia, a frenar el espiral del miedo. Sin ocultar lo negativo y la informaci\u00f3n, mirar adelante con optimismo maduro.<\/span><\/p>\n<p style=\"text-align: justify;\"><span style=\"color: #008080;\">El Papa Francisco nos invita en esta Jornada Mundial de las Comunicaciones Sociales a comunicar esperanza y confianza en nuestros tiempos<\/span><\/p>\n<p style=\"text-align: justify;\"><span style=\"color: #008080;\">Como Presidente de la Comisi\u00f3n Episcopal de Comunicaci\u00f3n me siento muy cerca y agradecido con todos los comunicadores por el servicio que cumplen. Siempre rezo para que fieles a la verdad comuniquen con esperanza, comuniquen para la comuni\u00f3n. Donde no se ahonde para el desencuentro ni se informe de una manera parcial. Aun comunicando las cosas m\u00e1s tristes que ayuden a un encuentro entre todos y a mirar la vida como el Papa Francisco nos invita con optimismo y confianza.<\/span><\/p>\n<p style=\"text-align: justify;\"><span style=\"color: #008080;\">Monse\u00f1or Santiago Olivera,<\/span><\/p>\n<p style=\"text-align: justify;\"><span style=\"color: #008080;\">Presidente de la Comisi\u00f3n Episcopal de Comunicaci\u00f3n Social de la Conferencia Episcopal Argentina<\/span><\/p>\n<!-- AddThis Advanced Settings generic via filter on the_content --><!-- AddThis Share Buttons generic via filter on the_content -->","protected":false},"excerpt":{"rendered":"<p>Mensaje de Mons. Olivera para la Jornada Mundial de las Comunicaciones Sociales Celebrando esta 51\u00b0 Jornada Mundial de las Comunicaciones sociales, queremos renovar nuestro compromiso [&hellip;]<!-- AddThis Advanced Settings generic via filter on get_the_excerpt --><!-- AddThis Share Buttons generic via filter on get_the_excerpt --><\/p>\n","protected":false},"author":2,"featured_media":13927,"comment_status":"open","ping_status":"open","sticky":false,"template":"","format":"standard","meta":{"footnotes":""},"categories":[5,1],"tags":[],"class_list":["post-13926","post","type-post","status-publish","format-standard","has-post-thumbnail","hentry","category-generales","category-noticiasdiocesanas"],"_links":{"self":[{"href":"https:\/\/obispadodezaratecampana.org\/index.php?rest_route=\/wp\/v2\/posts\/13926","targetHints":{"allow":["GET"]}}],"collection":[{"href":"https:\/\/obispadodezaratecampana.org\/index.php?rest_route=\/wp\/v2\/posts"}],"about":[{"href":"https:\/\/obispadodezaratecampana.org\/index.php?rest_route=\/wp\/v2\/types\/post"}],"author":[{"embeddable":true,"href":"https:\/\/obispadodezaratecampana.org\/index.php?rest_route=\/wp\/v2\/users\/2"}],"replies":[{"embeddable":true,"href":"https:\/\/obispadodezaratecampana.org\/index.php?rest_route=%2Fwp%2Fv2%2Fcomments&post=13926"}],"version-history":[{"count":1,"href":"https:\/\/obispadodezaratecampana.org\/index.php?rest_route=\/wp\/v2\/posts\/13926\/revisions"}],"predecessor-version":[{"id":13928,"href":"https:\/\/obispadodezaratecampana.org\/index.php?rest_route=\/wp\/v2\/posts\/13926\/revisions\/13928"}],"wp:featuredmedia":[{"embeddable":true,"href":"https:\/\/obispadodezaratecampana.org\/index.php?rest_route=\/wp\/v2\/media\/13927"}],"wp:attachment":[{"href":"https:\/\/obispadodezaratecampana.org\/index.php?rest_route=%2Fwp%2Fv2%2Fmedia&parent=13926"}],"wp:term":[{"taxonomy":"category","embeddable":true,"href":"https:\/\/obispadodezaratecampana.org\/index.php?rest_route=%2Fwp%2Fv2%2Fcategories&post=13926"},{"taxonomy":"post_tag","embeddable":true,"href":"https:\/\/obispadodezaratecampana.org\/index.php?rest_route=%2Fwp%2Fv2%2Ftags&post=13926"}],"curies":[{"name":"wp","href":"https:\/\/api.w.org\/{rel}","templated":true}]}}