{"id":13913,"date":"2017-05-26T17:04:33","date_gmt":"2017-05-26T20:04:33","guid":{"rendered":"http:\/\/obispadodezaratecampana.org\/?p=13913"},"modified":"2017-05-26T17:04:33","modified_gmt":"2017-05-26T20:04:33","slug":"curso-sobre-la-reforma-en-la-iglesia-y-la-reforma-de-la-iglesia-segun-inspiracion-e-impulso-del-papa-francisco","status":"publish","type":"post","link":"https:\/\/obispadodezaratecampana.org\/?p=13913","title":{"rendered":"Curso sobre la reforma en la Iglesia y la reforma de la Iglesia, segun inspiraci\u00f3n e impulso del Papa Francisco"},"content":{"rendered":"<p style=\"text-align: center;\">\n<p style=\"text-align: center;\">\n<h3 style=\"text-align: center;\"><span style=\"color: rgb(51, 51, 153);\">&#8220;EL CUERPO EN EL ESPIRITU&#8221;<\/span><\/h3>\n<h3 style=\"text-align: center;\"><span style=\"color: rgb(51, 51, 153);\">Curso de Reflexi\u00f3n Teol\u00f3gico Pastoral\u00a0<\/span><\/h3>\n<h3><span style=\"color: rgb(51, 51, 153);\"><strong>La Facultad de Teolog\u00eda ofrece un Curso de extensi\u00f3n para reflexionar sobre\u00a0<em>la reforma en la Iglesia <\/em>y<em> la reforma de la Iglesia<\/em>, seg\u00fan la inspiraci\u00f3n y el impulso del Papa Francisco.<\/strong><\/span><\/h3>\n<h3><span style=\"color: rgb(51, 51, 153);\"><strong>El <\/strong><strong>mismo se desarrollar\u00e1 en cinco sesiones, los jueves 1, 8, 15, 22 y 29 de junio de 10.00 hs. a 12.30 hs. en el Aula Magna de la Facultad de Teolog\u00eda, Villa Devoto, Concordia 4422, (C1419AOH)\u00a0<\/strong><strong>Ciudad aut\u00f3noma de Buenos Aires.<\/strong><\/span><\/h3>\n<h3><span style=\"color: rgb(51, 51, 153);\">Destinatarios:\u00a0<\/span><\/h3>\n<h3><span style=\"color: rgb(51, 51, 153);\"><strong>Graduados de la Facultad de Teolog\u00eda y de otros centros teol\u00f3gicos. <\/strong><\/span><\/h3>\n<h3><span style=\"color: rgb(51, 51, 153);\"><strong>Agentes pastorales y catequistas con formaci\u00f3n teol\u00f3gica b\u00e1sica.<\/strong><\/span><\/h3>\n<h3><span style=\"color: rgb(51, 51, 153);\"><strong>P<\/strong><strong>r<\/strong><strong>o<\/strong><strong>fe<\/strong><strong>sores y estudiantes de distintas Facultades de la UCA y de otros centros universitarios.<\/strong><\/span><\/h3>\n<h3><span style=\"color: rgb(51, 51, 153);\">Arancel:<\/span><\/h3>\n<h3><span style=\"color: rgb(51, 51, 153);\"><strong>El costo de cada sesi\u00f3n es de$ 150.<\/strong><\/span><\/h3>\n<h3><span style=\"color: rgb(51, 51, 153);\"><strong>El costo del curso completo es de $ 600.<\/strong><\/span><\/h3>\n<h3><span style=\"color: rgb(51, 51, 153);\"><strong>Se considerar\u00e1n reducciones en el arancel.<\/strong><\/span><\/h3>\n<h3><span style=\"color: rgb(51, 51, 153);\"><strong>S<\/strong><strong>e puede pedir certificado de asistencia al curso completo.<\/strong><\/span><\/h3>\n<h3><span style=\"color: rgb(51, 51, 153);\">Informes e inscripci\u00f3n:\u00a0<\/span><\/h3>\n<h3><span style=\"color: rgb(51, 51, 153);\"><strong>S<\/strong><strong>e ruega la\u00a0<em>inscripci\u00f3n previa<\/em>,personalmente,por tel\u00e9fono,fax o e-mail a:<\/strong><\/span><\/h3>\n<h3><span style=\"color: rgb(51, 51, 153);\"><strong>FACULTAD DE \u00a0TEOLOG\u00cdA<\/strong><\/span><\/h3>\n<h3><span style=\"color: rgb(51, 51, 153);\">Concordia 4422 &#8211; Villa Devoto<\/span><\/h3>\n<h3><span style=\"color: rgb(51, 51, 153);\">Tel-Fax(011)4501-6428\/6748<\/span><\/h3>\n<h3><span style=\"color: rgb(51, 51, 153);\">Lunes a viernes: de 9:00 a 13:00 y de 15:00 a 17:00.<\/span><\/h3>\n<h3><span style=\"color: rgb(51, 51, 153);\">E-Mail: \u00a0<a href=\"mailto:teologia@uca.edu.ar\"><span style=\"color: rgb(51, 51, 153);\">teologia@uca.edu.a<\/span><\/a>r<\/span><\/h3>\n<h4><span style=\"color: rgb(51, 51, 153);\">Desde estos enlaces puede descargarse mas material y ficha de inscripci\u00f3n:<\/span><\/h4>\n<h4><span style=\"color: #333399;\">AFICHE:\u00a0<a title=\"afiche\" href=\"https:\/\/drive.google.com\/file\/d\/0B_J1pci5_523QkhJbzBBSnJnNlE\/view?usp=sharing\" target=\"_blank\"><span style=\"color: #333399;\">https:\/\/drive.google.com\/file\/d\/0B_J1pci5_523QkhJbzBBSnJnNlE\/view?usp=sharing<\/span><\/a><\/span><\/h4>\n<h4><span style=\"color: #333399;\">DETALLES:\u00a0<a title=\"Material \" href=\"https:\/\/drive.google.com\/file\/d\/0B_J1pci5_523b2dEVmZfbnFCQXc\/view?usp=sharing\" target=\"_blank\"><span style=\"color: #333399;\">https:\/\/drive.google.com\/file\/d\/0B_J1pci5_523b2dEVmZfbnFCQXc\/view?usp=sharing<\/span><\/a><\/span><\/h4>\n<p><span style=\"color: #333399;\"><strong>FICHA DE INSCRIPCI\u00d3N:\u00a0<\/strong><\/span><\/p>\n<p><span style=\"color: #333399;\"><a title=\"ficha\" href=\"https:\/\/drive.google.com\/file\/d\/0B_J1pci5_523LTAwbV9JUVhXRlU\/view?usp=sharing\" target=\"_blank\"><span style=\"color: #333399;\"><strong>https:\/\/drive.google.com\/file\/d\/0B_J1pci5_523LTAwbV9JUVhXRlU\/view?usp=sharing<\/strong><\/span><\/a><\/span><\/p>\n<h4><\/h4>\n<p style=\"text-align: center;\"><img fetchpriority=\"high\" decoding=\"async\" class=\"alignnone size-medium wp-image-13915\" src=\"http:\/\/obispadodezaratecampana.org\/wp-content\/uploads\/2017\/05\/La-reforma-de-la-iglesia-20171-212x300.jpg\" alt=\"La reforma de la iglesia 2017\" width=\"212\" height=\"300\" srcset=\"https:\/\/obispadodezaratecampana.org\/wp-content\/uploads\/2017\/05\/La-reforma-de-la-iglesia-20171-212x300.jpg 212w, https:\/\/obispadodezaratecampana.org\/wp-content\/uploads\/2017\/05\/La-reforma-de-la-iglesia-20171-724x1024.jpg 724w\" sizes=\"(max-width: 212px) 100vw, 212px\" \/><\/p>\n<p style=\"text-align: center;\">\n<!-- AddThis Advanced Settings generic via filter on the_content --><!-- AddThis Share Buttons generic via filter on the_content -->","protected":false},"excerpt":{"rendered":"<p>&#8220;EL CUERPO EN EL ESPIRITU&#8221; Curso de Reflexi\u00f3n Teol\u00f3gico Pastoral\u00a0 La Facultad de Teolog\u00eda ofrece un Curso de extensi\u00f3n para reflexionar sobre\u00a0la reforma en la [&hellip;]<!-- AddThis Advanced Settings generic via filter on get_the_excerpt --><!-- AddThis Share Buttons generic via filter on get_the_excerpt --><\/p>\n","protected":false},"author":2,"featured_media":13914,"comment_status":"open","ping_status":"open","sticky":false,"template":"","format":"standard","meta":{"footnotes":""},"categories":[4,1],"tags":[],"class_list":["post-13913","post","type-post","status-publish","format-standard","has-post-thumbnail","hentry","category-movimientosinstituciones","category-noticiasdiocesanas"],"_links":{"self":[{"href":"https:\/\/obispadodezaratecampana.org\/index.php?rest_route=\/wp\/v2\/posts\/13913","targetHints":{"allow":["GET"]}}],"collection":[{"href":"https:\/\/obispadodezaratecampana.org\/index.php?rest_route=\/wp\/v2\/posts"}],"about":[{"href":"https:\/\/obispadodezaratecampana.org\/index.php?rest_route=\/wp\/v2\/types\/post"}],"author":[{"embeddable":true,"href":"https:\/\/obispadodezaratecampana.org\/index.php?rest_route=\/wp\/v2\/users\/2"}],"replies":[{"embeddable":true,"href":"https:\/\/obispadodezaratecampana.org\/index.php?rest_route=%2Fwp%2Fv2%2Fcomments&post=13913"}],"version-history":[{"count":1,"href":"https:\/\/obispadodezaratecampana.org\/index.php?rest_route=\/wp\/v2\/posts\/13913\/revisions"}],"predecessor-version":[{"id":13916,"href":"https:\/\/obispadodezaratecampana.org\/index.php?rest_route=\/wp\/v2\/posts\/13913\/revisions\/13916"}],"wp:featuredmedia":[{"embeddable":true,"href":"https:\/\/obispadodezaratecampana.org\/index.php?rest_route=\/wp\/v2\/media\/13914"}],"wp:attachment":[{"href":"https:\/\/obispadodezaratecampana.org\/index.php?rest_route=%2Fwp%2Fv2%2Fmedia&parent=13913"}],"wp:term":[{"taxonomy":"category","embeddable":true,"href":"https:\/\/obispadodezaratecampana.org\/index.php?rest_route=%2Fwp%2Fv2%2Fcategories&post=13913"},{"taxonomy":"post_tag","embeddable":true,"href":"https:\/\/obispadodezaratecampana.org\/index.php?rest_route=%2Fwp%2Fv2%2Ftags&post=13913"}],"curies":[{"name":"wp","href":"https:\/\/api.w.org\/{rel}","templated":true}]}}