{"id":13900,"date":"2017-05-18T22:54:23","date_gmt":"2017-05-19T01:54:23","guid":{"rendered":"http:\/\/obispadodezaratecampana.org\/?p=13900"},"modified":"2017-05-18T22:54:23","modified_gmt":"2017-05-19T01:54:23","slug":"encuentro-nacional-de-catequesis-con-adultos-24-y-25-de-mayo-region-platense-y-buenos-aires","status":"publish","type":"post","link":"https:\/\/obispadodezaratecampana.org\/?p=13900","title":{"rendered":"Encuentro Nacional de Catequesis con Adultos 24 y 25 de mayo. Regi\u00f3n Platense y Buenos Aires."},"content":{"rendered":"<p style=\"text-align: justify;\"><span style=\"color: rgb(255, 102, 0);\">Queridos p\u00e1rrocos, vicarios parroquiales y di\u00e1conos permanentes, se viene el ENCA (encuentro nacional de catequesis con adultos) para nuestra regi\u00f3n, desde la Junta nos parece que son momentos muy oportunos para capacitarse y crecer en el reencuentro con el Se\u00f1or, decimos reencuentro, porque la modalidad en esos dos d\u00edas van a ser al estilo catecumenal<\/span><\/p>\n<p style=\"text-align: justify;\"><span style=\"color: rgb(255, 102, 0);\">Convocamos a todos los catequistas de la Di\u00f3cesis que participen en alguna de los variados modos de Catequesis con Adultos: Pastoral Bautismal, Catecumenado, Sacramental, Catequesis para padres, Matrimonial, Secretarias y dem\u00e1s \u00e1reas del apostolado que est\u00e9n vinculados a los adultos<\/span><\/p>\n<p style=\"text-align: justify;\"><span style=\"color: rgb(255, 102, 0);\">Este a\u00f1o el ENCA se realizar\u00e1 los d\u00edas 24 y 25 de mayo de 2017 en la Casa de Ejercicios Espirituales MAMA ANTULA, sito en Independencia 1190 Ciudad Aut\u00f3noma de Buenos Aires<\/span><\/p>\n<p style=\"text-align: justify;\"><span style=\"color: rgb(255, 102, 0);\">Aqu\u00ed les enviamos el sitio donde pueden inscribirse: https:\/\/www.eventbrite.com.ar\/e\/enca-2017-regiones-buenos-aires-y-platense-registration-30852853716<\/span><\/p>\n<p><span style=\"color: rgb(255, 102, 0);\"> Cu\u00e1nto cuesta inscribirse?<\/span><br \/>\n<span style=\"color: rgb(255, 102, 0);\">Los costo de inscripci\u00f3n ser\u00e1n: <\/span><br \/>\n<span style=\"color: rgb(255, 102, 0);\">Si participas del Encuentro los d\u00edas 24 y 25 de mayo (con hospedaje) $ 760.<\/span><br \/>\n<span style=\"color: rgb(255, 102, 0);\">A estos costos hay que adicionarle el 6,64% de comisi\u00f3n de la plataforma EVENT-BRITE.<\/span><br \/>\n<span style=\"color: rgb(255, 102, 0);\">&#8230;&#8230;&#8230;&#8230;&#8230;&#8230;&#8230;&#8230;&#8230;&#8230;&#8230;&#8230;&#8230;&#8230;&#8230;&#8230;&#8230;&#8230;&#8230;&#8230;&#8230;&#8230;&#8230;&#8230;&#8230;&#8230;&#8230;&#8230;&#8230;&#8230;&#8230;&#8230;&#8230;&#8230;&#8230;&#8230;&#8230;&#8230;&#8230;&#8230;..<\/span><br \/>\n<span style=\"color: rgb(255, 102, 0);\">\u00bfC\u00f3mo pago la Inscripci\u00f3n?<\/span><br \/>\n<span style=\"color: rgb(255, 102, 0);\">En la plataforma de inscripci\u00f3n EVENTBRITE te ofrecen las siguientes opciones: <\/span><br \/>\n<span style=\"color: rgb(255, 102, 0);\">&#8211; Tarjetas de cr\u00e9dito (Mastercard, American Express o Visa) <\/span><br \/>\n<span style=\"color: rgb(255, 102, 0);\">&#8211; Ventanillas de pago (Rapipago y Pago F\u00e1cil). <\/span><br \/>\n<span style=\"color: rgb(255, 102, 0);\">&#8230;&#8230;&#8230;&#8230;&#8230;&#8230;&#8230;&#8230;&#8230;&#8230;&#8230;&#8230;&#8230;&#8230;&#8230;&#8230;&#8230;&#8230;&#8230;&#8230;&#8230;&#8230;&#8230;&#8230;&#8230;&#8230;&#8230;&#8230;&#8230;&#8230;&#8230;&#8230;&#8230;&#8230;&#8230;&#8230;&#8230;&#8230;&#8230;&#8230;..<\/span><br \/>\n<span style=\"color: rgb(255, 102, 0);\"> \u00bfCu\u00e1nto tiempo tengo para pagar?<\/span><br \/>\n<span style=\"color: rgb(255, 102, 0);\">&#8211; Si pagas con tarjeta de cr\u00e9dito, puedes optar por hacerlo en una o m\u00e1s cuotas. <\/span><br \/>\n<span style=\"color: rgb(255, 102, 0);\">&#8211; Si decides pagar en Pago F\u00e1cil o Rapipago, tienes 3 d\u00edas desde la inscripci\u00f3n para realizar el pago.<\/span><br \/>\n<span style=\"color: rgb(255, 102, 0);\">&#8230;&#8230;&#8230;&#8230;&#8230;&#8230;&#8230;&#8230;&#8230;&#8230;&#8230;&#8230;&#8230;&#8230;&#8230;&#8230;&#8230;&#8230;&#8230;&#8230;&#8230;&#8230;&#8230;&#8230;&#8230;&#8230;&#8230;&#8230;&#8230;&#8230;&#8230;&#8230;&#8230;&#8230;&#8230;&#8230;&#8230;&#8230;&#8230;&#8230;..<\/span><br \/>\n<span style=\"color: rgb(255, 102, 0);\">\u00bfC\u00f3mo confirmo la Inscripci\u00f3n?<\/span><br \/>\n<span style=\"color: rgb(255, 102, 0);\">La plataforma de EVENTBRITE te lo confirmar\u00e1 por el correo con el que te hayas ins-cripto.<\/span><br \/>\n<span style=\"color: rgb(255, 102, 0);\">&#8230;&#8230;&#8230;&#8230;&#8230;&#8230;&#8230;&#8230;&#8230;&#8230;&#8230;&#8230;&#8230;&#8230;&#8230;&#8230;&#8230;&#8230;&#8230;&#8230;&#8230;&#8230;&#8230;&#8230;&#8230;&#8230;&#8230;&#8230;&#8230;&#8230;&#8230;&#8230;&#8230;&#8230;&#8230;&#8230;&#8230;&#8230;&#8230;&#8230;..<\/span><br \/>\n<span style=\"color: rgb(255, 102, 0);\">\u00bfPuedo realizar cambios en mi Inscripci\u00f3n?<\/span><br \/>\n<span style=\"color: rgb(255, 102, 0);\">Si ya te inscribiste y decides modificar alg\u00fan dato, personal, puedes ingresar a tu ficha de inscripci\u00f3n a trav\u00e9s del correo que recib\u00eds de EVENTBRITE confirmando tu inscrip-ci\u00f3n. <\/span><br \/>\n<span style=\"color: rgb(255, 102, 0);\">&#8230;&#8230;&#8230;&#8230;&#8230;&#8230;&#8230;&#8230;&#8230;&#8230;&#8230;&#8230;&#8230;&#8230;&#8230;&#8230;&#8230;&#8230;&#8230;&#8230;&#8230;&#8230;&#8230;&#8230;&#8230;&#8230;&#8230;&#8230;&#8230;&#8230;&#8230;&#8230;&#8230;&#8230;&#8230;&#8230;&#8230;&#8230;&#8230;&#8230;..<\/span><br \/>\n<span style=\"color: rgb(255, 102, 0);\">Alojamiento:<\/span><br \/>\n<span style=\"color: rgb(255, 102, 0);\">Por favor llevar s\u00e1banas y toallas.<\/span><br \/>\n<span style=\"color: rgb(255, 102, 0);\">&#8230;&#8230;&#8230;&#8230;&#8230;&#8230;&#8230;&#8230;&#8230;&#8230;&#8230;&#8230;&#8230;&#8230;&#8230;&#8230;&#8230;&#8230;&#8230;&#8230;&#8230;&#8230;&#8230;&#8230;&#8230;&#8230;&#8230;&#8230;&#8230;&#8230;&#8230;&#8230;&#8230;&#8230;&#8230;\u00a0<\/span><\/p>\n<p style=\"text-align: justify;\"><span style=\"color: rgb(255, 102, 0);\">Abrazo en Cristo<\/span><\/p>\n<p style=\"text-align: justify;\"><span style=\"color: rgb(255, 102, 0);\">Junta Diocesana de Catequesis<\/span><br \/>\n<span style=\"color: rgb(255, 102, 0);\">\u00c1rea adultos<\/span><\/p>\n<p style=\"text-align: justify;\"><span style=\"color: rgb(255, 102, 0);\">Duda y\/o consulta- Stella Abreu<\/span><br \/>\n<span style=\"color: rgb(255, 102, 0);\">Stabreu@arnet.com.ar<\/span><br \/>\n<span style=\"color: rgb(255, 102, 0);\">03489-15345667<\/span><\/p>\n<!-- AddThis Advanced Settings generic via filter on the_content --><!-- AddThis Share Buttons generic via filter on the_content -->","protected":false},"excerpt":{"rendered":"<p>Queridos p\u00e1rrocos, vicarios parroquiales y di\u00e1conos permanentes, se viene el ENCA (encuentro nacional de catequesis con adultos) para nuestra regi\u00f3n, desde la Junta nos parece [&hellip;]<!-- AddThis Advanced Settings generic via filter on get_the_excerpt --><!-- AddThis Share Buttons generic via filter on get_the_excerpt --><\/p>\n","protected":false},"author":2,"featured_media":13901,"comment_status":"open","ping_status":"open","sticky":false,"template":"","format":"standard","meta":{"footnotes":""},"categories":[5,1],"tags":[],"class_list":["post-13900","post","type-post","status-publish","format-standard","has-post-thumbnail","hentry","category-generales","category-noticiasdiocesanas"],"_links":{"self":[{"href":"https:\/\/obispadodezaratecampana.org\/index.php?rest_route=\/wp\/v2\/posts\/13900","targetHints":{"allow":["GET"]}}],"collection":[{"href":"https:\/\/obispadodezaratecampana.org\/index.php?rest_route=\/wp\/v2\/posts"}],"about":[{"href":"https:\/\/obispadodezaratecampana.org\/index.php?rest_route=\/wp\/v2\/types\/post"}],"author":[{"embeddable":true,"href":"https:\/\/obispadodezaratecampana.org\/index.php?rest_route=\/wp\/v2\/users\/2"}],"replies":[{"embeddable":true,"href":"https:\/\/obispadodezaratecampana.org\/index.php?rest_route=%2Fwp%2Fv2%2Fcomments&post=13900"}],"version-history":[{"count":1,"href":"https:\/\/obispadodezaratecampana.org\/index.php?rest_route=\/wp\/v2\/posts\/13900\/revisions"}],"predecessor-version":[{"id":13902,"href":"https:\/\/obispadodezaratecampana.org\/index.php?rest_route=\/wp\/v2\/posts\/13900\/revisions\/13902"}],"wp:featuredmedia":[{"embeddable":true,"href":"https:\/\/obispadodezaratecampana.org\/index.php?rest_route=\/wp\/v2\/media\/13901"}],"wp:attachment":[{"href":"https:\/\/obispadodezaratecampana.org\/index.php?rest_route=%2Fwp%2Fv2%2Fmedia&parent=13900"}],"wp:term":[{"taxonomy":"category","embeddable":true,"href":"https:\/\/obispadodezaratecampana.org\/index.php?rest_route=%2Fwp%2Fv2%2Fcategories&post=13900"},{"taxonomy":"post_tag","embeddable":true,"href":"https:\/\/obispadodezaratecampana.org\/index.php?rest_route=%2Fwp%2Fv2%2Ftags&post=13900"}],"curies":[{"name":"wp","href":"https:\/\/api.w.org\/{rel}","templated":true}]}}