{"id":13890,"date":"2017-05-18T21:40:25","date_gmt":"2017-05-19T00:40:25","guid":{"rendered":"http:\/\/obispadodezaratecampana.org\/?p=13890"},"modified":"2017-05-18T21:40:25","modified_gmt":"2017-05-19T00:40:25","slug":"20-y-21-de-mayo-encuentro-nacional-de-laicos","status":"publish","type":"post","link":"https:\/\/obispadodezaratecampana.org\/?p=13890","title":{"rendered":"20 y 21 de mayo: Encuentro Nacional de Laicos"},"content":{"rendered":"<p><span style=\"color: #800000;\"><a href=\"http:\/\/obispadodezaratecampana.org\/wp-content\/uploads\/2017\/05\/deplai1.jpg\"><span style=\"color: #800000;\"><img fetchpriority=\"high\" decoding=\"async\" class=\"alignnone size-medium wp-image-13892 aligncenter\" src=\"http:\/\/obispadodezaratecampana.org\/wp-content\/uploads\/2017\/05\/deplai1-300x202.jpg\" alt=\"deplai\" width=\"300\" height=\"202\" srcset=\"https:\/\/obispadodezaratecampana.org\/wp-content\/uploads\/2017\/05\/deplai1-300x202.jpg 300w, https:\/\/obispadodezaratecampana.org\/wp-content\/uploads\/2017\/05\/deplai1.jpg 645w\" sizes=\"(max-width: 300px) 100vw, 300px\" \/><\/span><\/a><\/span><\/p>\n<p style=\"text-align: justify;\"><span style=\"color: #800000;\">El Departamento de Laicos (DEPLAI) de la Comisi\u00f3n Episcopal de Laicos y Familia (CELAF) organiza para los d\u00edas 20 y 21 de mayo de 2017, un Encuentro Nacional de Laicos.<\/span><br \/>\n<span style=\"color: #800000;\">El mismo se realizar\u00e1 en la Residencia Franciscana de San Antonio de Arredondo (C\u00f3rdoba) y la invitaci\u00f3n est\u00e1 destinada a dirigentes de asociaciones, instituciones y movimientos laicales; dirigentes de organismos diocesanos de comuni\u00f3n laicales (DEPLAI o similares); laicos comprometidos en las distintas Pastorales de la lglesia y en la construcci\u00f3n del bien com\u00fan.<\/span><br \/>\n<span style=\"color: #800000;\">El encuentro, partiendo del texto evang\u00e9lico &#8220;como el Padre me envi\u00f3, tambi\u00e9n yo los env\u00edo o ustedes&#8221; (Jn. 20-21), tendr\u00e1 como lema &#8220;Compartamos como Pueblo de Dios, la alegr\u00eda del Evangelio&#8221;, en sinton\u00eda con la invitaci\u00f3n que el Papa Francisco hace en Evangelii Gaudium a una &#8220;nueva etapa evangelizadora marcada por esa alegr\u00eda&#8221; (EG 1 ).<\/span><br \/>\n<span style=\"color: #800000;\">El Encuentro se propone los siguientes objetivos:<\/span><br \/>\n<span style=\"color: #800000;\">\u2022 Constituir un espacio de comuni\u00f3n laical y un camino de participaci\u00f3n para la edificaci\u00f3n de la lglesia, la animaci\u00f3n misionera y la construcci\u00f3n del bien com\u00fan.<\/span><br \/>\n<span style=\"color: #800000;\">\u2022 Promover una conciencia m\u00e1s viva de la corresponsabilidad de los laicos en la lglesia y en la construcci\u00f3n de la sociedad temporal.<\/span><br \/>\n<span style=\"color: #800000;\">\u2022 Ofrecer un \u00e1mbito de reflexi\u00f3n y di\u00e1logo para fortalecer la identidad y la espiritualidad laical.<\/span><br \/>\n<span style=\"color: #800000;\">La inscripci\u00f3n se abrir\u00e1 el 1\u00b0 de enero de 2017 y se realizar\u00e1 de manera digital.<\/span><\/p>\n<p><span style=\"color: #800000;\">Para m\u00e1s informaci\u00f3n contactarse por email al Delai: deplai@cea.org.ar<\/span><\/p>\n<!-- AddThis Advanced Settings generic via filter on the_content --><!-- AddThis Share Buttons generic via filter on the_content -->","protected":false},"excerpt":{"rendered":"<p>El Departamento de Laicos (DEPLAI) de la Comisi\u00f3n Episcopal de Laicos y Familia (CELAF) organiza para los d\u00edas 20 y 21 de mayo de 2017, [&hellip;]<!-- AddThis Advanced Settings generic via filter on get_the_excerpt --><!-- AddThis Share Buttons generic via filter on get_the_excerpt --><\/p>\n","protected":false},"author":2,"featured_media":13891,"comment_status":"open","ping_status":"open","sticky":false,"template":"","format":"standard","meta":{"footnotes":""},"categories":[5,1],"tags":[],"class_list":["post-13890","post","type-post","status-publish","format-standard","has-post-thumbnail","hentry","category-generales","category-noticiasdiocesanas"],"_links":{"self":[{"href":"https:\/\/obispadodezaratecampana.org\/index.php?rest_route=\/wp\/v2\/posts\/13890","targetHints":{"allow":["GET"]}}],"collection":[{"href":"https:\/\/obispadodezaratecampana.org\/index.php?rest_route=\/wp\/v2\/posts"}],"about":[{"href":"https:\/\/obispadodezaratecampana.org\/index.php?rest_route=\/wp\/v2\/types\/post"}],"author":[{"embeddable":true,"href":"https:\/\/obispadodezaratecampana.org\/index.php?rest_route=\/wp\/v2\/users\/2"}],"replies":[{"embeddable":true,"href":"https:\/\/obispadodezaratecampana.org\/index.php?rest_route=%2Fwp%2Fv2%2Fcomments&post=13890"}],"version-history":[{"count":1,"href":"https:\/\/obispadodezaratecampana.org\/index.php?rest_route=\/wp\/v2\/posts\/13890\/revisions"}],"predecessor-version":[{"id":13893,"href":"https:\/\/obispadodezaratecampana.org\/index.php?rest_route=\/wp\/v2\/posts\/13890\/revisions\/13893"}],"wp:featuredmedia":[{"embeddable":true,"href":"https:\/\/obispadodezaratecampana.org\/index.php?rest_route=\/wp\/v2\/media\/13891"}],"wp:attachment":[{"href":"https:\/\/obispadodezaratecampana.org\/index.php?rest_route=%2Fwp%2Fv2%2Fmedia&parent=13890"}],"wp:term":[{"taxonomy":"category","embeddable":true,"href":"https:\/\/obispadodezaratecampana.org\/index.php?rest_route=%2Fwp%2Fv2%2Fcategories&post=13890"},{"taxonomy":"post_tag","embeddable":true,"href":"https:\/\/obispadodezaratecampana.org\/index.php?rest_route=%2Fwp%2Fv2%2Ftags&post=13890"}],"curies":[{"name":"wp","href":"https:\/\/api.w.org\/{rel}","templated":true}]}}