{"id":13886,"date":"2017-05-10T10:27:05","date_gmt":"2017-05-10T13:27:05","guid":{"rendered":"http:\/\/obispadodezaratecampana.org\/?p=13886"},"modified":"2017-05-10T10:27:05","modified_gmt":"2017-05-10T13:27:05","slug":"recordatorio-hoy-10-de-mayo-18-hs-charla-para-laicos-en-la-uca-caba","status":"publish","type":"post","link":"https:\/\/obispadodezaratecampana.org\/?p=13886","title":{"rendered":"RECORDATORIO: Hoy 10 de mayo 18 hs Charla para Laicos en la UCA, CABA"},"content":{"rendered":"<p style=\"text-align: center;\">\n<p style=\"text-align: center;\">\n<p style=\"text-align: center;\">\n<p style=\"text-align: center;\">\n<p style=\"text-align: left;\"><span style=\"color: rgb(51, 51, 153);\">Hoy se realizar\u00e1 la Charla para laicos sobre \u201cEl discernimiento espiritual en el acompa\u00f1amiento de las distintas realidades familiares a la luz de Amoris Laetitia\u201d<\/span><br style=\"color: #1d2129;\" \/><span style=\"color: rgb(51, 51, 153);\">La Comisi\u00f3n Episcopal de Laicos y Familia (CELAF) junto con el Secretariado Nacional para la Familia, invitan a los laicos a participar de la charla sobre \u201cEl discernimiento espiritual en el acompa\u00f1amiento de las distintas realidades familiares a la luz de Amoris Laetitia\u201d, el mi\u00e9rcoles 10 de mayo de 18 a 20.30 hs.<span class=\"text_exposed_show\">, en la UCA.<br \/>\nEl encuentro contar\u00e1 con la orientaci\u00f3n del padre jesuita Anthony Mifsud de Chile y est\u00e1 destinado a agentes de Pastoral Familiar, institutos universitarios para el Matrimonio y la Familia, catequistas, acompa\u00f1antes espirituales, docentes y p\u00fablico en general.<br \/>\nEl costo de la inscripci\u00f3n es de $100 pesos. No hay inscripci\u00f3n previa. Los cupos son limitados por lo que se solicita puntualidad. La actividad ser\u00e1 en el Auditorio Santa Cecilia, Edificio San Jos\u00e9, A. M. de Justo 1600, CABA.<br \/>\nPara mayor informaci\u00f3n comunicarse con: secretariadofamilia@familiasecnacional.org.ar<\/span><\/span><\/p>\n<p style=\"text-align: center;\">\n<p style=\"text-align: center;\"><img fetchpriority=\"high\" decoding=\"async\" class=\"alignnone size-medium wp-image-13887\" src=\"http:\/\/obispadodezaratecampana.org\/wp-content\/uploads\/2017\/05\/AL-Laicos-300x203.jpg\" alt=\"AL Laicos\" width=\"300\" height=\"203\" srcset=\"https:\/\/obispadodezaratecampana.org\/wp-content\/uploads\/2017\/05\/AL-Laicos-300x203.jpg 300w, https:\/\/obispadodezaratecampana.org\/wp-content\/uploads\/2017\/05\/AL-Laicos.jpg 650w\" sizes=\"(max-width: 300px) 100vw, 300px\" \/><\/p>\n<!-- AddThis Advanced Settings generic via filter on the_content --><!-- AddThis Share Buttons generic via filter on the_content -->","protected":false},"excerpt":{"rendered":"<p>Hoy se realizar\u00e1 la Charla para laicos sobre \u201cEl discernimiento espiritual en el acompa\u00f1amiento de las distintas realidades familiares a la luz de Amoris Laetitia\u201dLa [&hellip;]<!-- AddThis Advanced Settings generic via filter on get_the_excerpt --><!-- AddThis Share Buttons generic via filter on get_the_excerpt --><\/p>\n","protected":false},"author":2,"featured_media":13887,"comment_status":"open","ping_status":"open","sticky":false,"template":"","format":"standard","meta":{"footnotes":""},"categories":[5,1],"tags":[],"class_list":["post-13886","post","type-post","status-publish","format-standard","has-post-thumbnail","hentry","category-generales","category-noticiasdiocesanas"],"_links":{"self":[{"href":"https:\/\/obispadodezaratecampana.org\/index.php?rest_route=\/wp\/v2\/posts\/13886","targetHints":{"allow":["GET"]}}],"collection":[{"href":"https:\/\/obispadodezaratecampana.org\/index.php?rest_route=\/wp\/v2\/posts"}],"about":[{"href":"https:\/\/obispadodezaratecampana.org\/index.php?rest_route=\/wp\/v2\/types\/post"}],"author":[{"embeddable":true,"href":"https:\/\/obispadodezaratecampana.org\/index.php?rest_route=\/wp\/v2\/users\/2"}],"replies":[{"embeddable":true,"href":"https:\/\/obispadodezaratecampana.org\/index.php?rest_route=%2Fwp%2Fv2%2Fcomments&post=13886"}],"version-history":[{"count":1,"href":"https:\/\/obispadodezaratecampana.org\/index.php?rest_route=\/wp\/v2\/posts\/13886\/revisions"}],"predecessor-version":[{"id":13888,"href":"https:\/\/obispadodezaratecampana.org\/index.php?rest_route=\/wp\/v2\/posts\/13886\/revisions\/13888"}],"wp:featuredmedia":[{"embeddable":true,"href":"https:\/\/obispadodezaratecampana.org\/index.php?rest_route=\/wp\/v2\/media\/13887"}],"wp:attachment":[{"href":"https:\/\/obispadodezaratecampana.org\/index.php?rest_route=%2Fwp%2Fv2%2Fmedia&parent=13886"}],"wp:term":[{"taxonomy":"category","embeddable":true,"href":"https:\/\/obispadodezaratecampana.org\/index.php?rest_route=%2Fwp%2Fv2%2Fcategories&post=13886"},{"taxonomy":"post_tag","embeddable":true,"href":"https:\/\/obispadodezaratecampana.org\/index.php?rest_route=%2Fwp%2Fv2%2Ftags&post=13886"}],"curies":[{"name":"wp","href":"https:\/\/api.w.org\/{rel}","templated":true}]}}