{"id":13880,"date":"2017-05-08T13:40:33","date_gmt":"2017-05-08T16:40:33","guid":{"rendered":"http:\/\/obispadodezaratecampana.org\/?p=13880"},"modified":"2017-05-08T13:40:33","modified_gmt":"2017-05-08T16:40:33","slug":"cambio-de-region-pastoral-de-nuestra-diocesis-de-zarate-campana","status":"publish","type":"post","link":"https:\/\/obispadodezaratecampana.org\/?p=13880","title":{"rendered":"Cambio de Regi\u00f3n Pastoral de nuestra di\u00f3cesis de Z\u00e1rate &#8211; Campana"},"content":{"rendered":"<h3 style=\"text-align: justify;\"><span style=\"color: #333399;\">Queridos Hermanos:\u00a0<\/span><\/h3>\n<h3 style=\"text-align: justify;\"><span style=\"color: #333399;\">La Conferencia Episcopal Argentina ha informado que en la 113\u00b0 Asamblea Plenaria recientemente realizada en Pilar, ha sido aprobado el cambio de nuestra di\u00f3cesis de Z\u00e1rate \u2013 Campana a la\u00a0<strong>Regi\u00f3n Pastoral Buenos Aires.<\/strong><\/span><\/h3>\n<h3 style=\"text-align: justify;\"><span style=\"color: #333399;\">Por tal motivo, nuestro Obispo Pedro solicita a todas las \u00e1reas pastorales, movimientos e instituciones existentes en nuestra di\u00f3cesis proceder a su paulatina integraci\u00f3n y coordinaci\u00f3n con sus similares existentes en la Regi\u00f3n Pastoral\u00a0 Buenos Aires.<\/span><\/h3>\n<p><img fetchpriority=\"high\" decoding=\"async\" class=\"alignnone size-medium wp-image-13881 aligncenter\" src=\"http:\/\/obispadodezaratecampana.org\/wp-content\/uploads\/2017\/05\/Escudo-Mons.Pedro_-300x170.jpg\" alt=\"Escudo Mons.Pedro\" width=\"300\" height=\"170\" srcset=\"https:\/\/obispadodezaratecampana.org\/wp-content\/uploads\/2017\/05\/Escudo-Mons.Pedro_-300x170.jpg 300w, https:\/\/obispadodezaratecampana.org\/wp-content\/uploads\/2017\/05\/Escudo-Mons.Pedro_.jpg 785w\" sizes=\"(max-width: 300px) 100vw, 300px\" \/><\/p>\n<!-- AddThis Advanced Settings generic via filter on the_content --><!-- AddThis Share Buttons generic via filter on the_content -->","protected":false},"excerpt":{"rendered":"<p>Queridos Hermanos:\u00a0 La Conferencia Episcopal Argentina ha informado que en la 113\u00b0 Asamblea Plenaria recientemente realizada en Pilar, ha sido aprobado el cambio de nuestra [&hellip;]<!-- AddThis Advanced Settings generic via filter on get_the_excerpt --><!-- AddThis Share Buttons generic via filter on get_the_excerpt --><\/p>\n","protected":false},"author":2,"featured_media":13881,"comment_status":"open","ping_status":"open","sticky":false,"template":"","format":"standard","meta":{"footnotes":""},"categories":[1],"tags":[],"class_list":["post-13880","post","type-post","status-publish","format-standard","has-post-thumbnail","hentry","category-noticiasdiocesanas"],"_links":{"self":[{"href":"https:\/\/obispadodezaratecampana.org\/index.php?rest_route=\/wp\/v2\/posts\/13880","targetHints":{"allow":["GET"]}}],"collection":[{"href":"https:\/\/obispadodezaratecampana.org\/index.php?rest_route=\/wp\/v2\/posts"}],"about":[{"href":"https:\/\/obispadodezaratecampana.org\/index.php?rest_route=\/wp\/v2\/types\/post"}],"author":[{"embeddable":true,"href":"https:\/\/obispadodezaratecampana.org\/index.php?rest_route=\/wp\/v2\/users\/2"}],"replies":[{"embeddable":true,"href":"https:\/\/obispadodezaratecampana.org\/index.php?rest_route=%2Fwp%2Fv2%2Fcomments&post=13880"}],"version-history":[{"count":1,"href":"https:\/\/obispadodezaratecampana.org\/index.php?rest_route=\/wp\/v2\/posts\/13880\/revisions"}],"predecessor-version":[{"id":13882,"href":"https:\/\/obispadodezaratecampana.org\/index.php?rest_route=\/wp\/v2\/posts\/13880\/revisions\/13882"}],"wp:featuredmedia":[{"embeddable":true,"href":"https:\/\/obispadodezaratecampana.org\/index.php?rest_route=\/wp\/v2\/media\/13881"}],"wp:attachment":[{"href":"https:\/\/obispadodezaratecampana.org\/index.php?rest_route=%2Fwp%2Fv2%2Fmedia&parent=13880"}],"wp:term":[{"taxonomy":"category","embeddable":true,"href":"https:\/\/obispadodezaratecampana.org\/index.php?rest_route=%2Fwp%2Fv2%2Fcategories&post=13880"},{"taxonomy":"post_tag","embeddable":true,"href":"https:\/\/obispadodezaratecampana.org\/index.php?rest_route=%2Fwp%2Fv2%2Ftags&post=13880"}],"curies":[{"name":"wp","href":"https:\/\/api.w.org\/{rel}","templated":true}]}}