{"id":13869,"date":"2017-05-05T20:51:52","date_gmt":"2017-05-05T23:51:52","guid":{"rendered":"http:\/\/obispadodezaratecampana.org\/?p=13869"},"modified":"2017-05-05T20:54:04","modified_gmt":"2017-05-05T23:54:04","slug":"si-ves-en-el-otro-a-tu-hermano-nadie-puede-quedar-excluido-10-y-11-de-junio-colecta-anual-de-caritas","status":"publish","type":"post","link":"https:\/\/obispadodezaratecampana.org\/?p=13869","title":{"rendered":"&#8221; Si ves en el otro a tu hermano, nadie puede quedar excluido &#8221; 10 y 11 de junio: Colecta Anual de Caritas."},"content":{"rendered":"<h4 style=\"text-align: justify;\"><span style=\"color: #333399;\">\u00a0La Colecta es una oportunidad no s\u00f3lo para compartir los bienes, sino tambi\u00e9n la esperanza de construir un futuro inclusivo para todos, comenzando por las acciones y el compromiso de cada uno de nosotros con el presente.<\/span><br \/>\n<span style=\"color: #333399;\">El dinero recaudado en Colecta ayudar\u00e1 a sostener, durante todo el a\u00f1o, proyectos e iniciativas de promoci\u00f3n humana, acompa\u00f1ar micro-emprendimientos productivos y de autoconsumo, brindar capacitaci\u00f3n laboral, formaci\u00f3n en ciudadan\u00eda, talleres de alfabetizaci\u00f3n, becas escolares y universitarias y apoyo escolar en m\u00e1s de 3.500 C\u00e1ritas parroquiales. <\/span><br \/>\n<span style=\"color: #333399;\">\u00a0Adem\u00e1s permitir\u00e1 trabajar en la prevenci\u00f3n y atenci\u00f3n de emergencias clim\u00e1ticas y con personas en situaci\u00f3n de calle, entre otras iniciativas de asistencia, de acuerdo a la realidad de cada lugar.<\/span><br \/>\n<span style=\"color: #333399;\">\u00a0Gracias al trabajo desinteresado de miles de voluntarios que organizan actividades en parroquias, salones, plazas y la v\u00eda p\u00fablica en todo nuestro pa\u00eds y a la generosidad de tantas personas, instituciones, empresas y organizaciones comprometidas, la Colecta va creciendo a\u00f1o tras a\u00f1o.<\/span><br \/>\n<span style=\"color: #333399;\">\u00a0Renovemos nuestro compromiso y colaboremos con la Colecta Anual de C\u00e1ritas para brindar una ayuda concreta y efectiva a tantos hermanos que anhelan una vida m\u00e1s digna con oportunidades de inclusi\u00f3n en nuestra sociedad. <\/span><\/h4>\n<h4 style=\"text-align: justify;\"><span style=\"color: #333399;\">Mail de contacto de Caritas \u00a0Diocesana de Z\u00e1rate &#8211; Campana: caritaszaratecampana2016@gmail.com<\/span><\/h4>\n<h4 style=\"text-align: center;\"><span style=\"color: #333399;\"><a href=\"http:\/\/obispadodezaratecampana.org\/wp-content\/uploads\/2017\/05\/18300839_432783803724497_8395050610711124655_n.jpg\"><span style=\"color: #333399;\"><img fetchpriority=\"high\" decoding=\"async\" class=\"alignnone size-medium wp-image-13870\" src=\"http:\/\/obispadodezaratecampana.org\/wp-content\/uploads\/2017\/05\/18300839_432783803724497_8395050610711124655_n-300x238.jpg\" alt=\"18300839_432783803724497_8395050610711124655_n\" width=\"300\" height=\"238\" srcset=\"https:\/\/obispadodezaratecampana.org\/wp-content\/uploads\/2017\/05\/18300839_432783803724497_8395050610711124655_n-300x238.jpg 300w, https:\/\/obispadodezaratecampana.org\/wp-content\/uploads\/2017\/05\/18300839_432783803724497_8395050610711124655_n.jpg 441w\" sizes=\"(max-width: 300px) 100vw, 300px\" \/><\/span><\/a><\/span><\/h4>\n<!-- AddThis Advanced Settings generic via filter on the_content --><!-- AddThis Share Buttons generic via filter on the_content -->","protected":false},"excerpt":{"rendered":"<p>\u00a0La Colecta es una oportunidad no s\u00f3lo para compartir los bienes, sino tambi\u00e9n la esperanza de construir un futuro inclusivo para todos, comenzando por las [&hellip;]<!-- AddThis Advanced Settings generic via filter on get_the_excerpt --><!-- AddThis Share Buttons generic via filter on get_the_excerpt --><\/p>\n","protected":false},"author":2,"featured_media":13870,"comment_status":"open","ping_status":"open","sticky":false,"template":"","format":"standard","meta":{"footnotes":""},"categories":[1],"tags":[],"class_list":["post-13869","post","type-post","status-publish","format-standard","has-post-thumbnail","hentry","category-noticiasdiocesanas"],"_links":{"self":[{"href":"https:\/\/obispadodezaratecampana.org\/index.php?rest_route=\/wp\/v2\/posts\/13869","targetHints":{"allow":["GET"]}}],"collection":[{"href":"https:\/\/obispadodezaratecampana.org\/index.php?rest_route=\/wp\/v2\/posts"}],"about":[{"href":"https:\/\/obispadodezaratecampana.org\/index.php?rest_route=\/wp\/v2\/types\/post"}],"author":[{"embeddable":true,"href":"https:\/\/obispadodezaratecampana.org\/index.php?rest_route=\/wp\/v2\/users\/2"}],"replies":[{"embeddable":true,"href":"https:\/\/obispadodezaratecampana.org\/index.php?rest_route=%2Fwp%2Fv2%2Fcomments&post=13869"}],"version-history":[{"count":3,"href":"https:\/\/obispadodezaratecampana.org\/index.php?rest_route=\/wp\/v2\/posts\/13869\/revisions"}],"predecessor-version":[{"id":13873,"href":"https:\/\/obispadodezaratecampana.org\/index.php?rest_route=\/wp\/v2\/posts\/13869\/revisions\/13873"}],"wp:featuredmedia":[{"embeddable":true,"href":"https:\/\/obispadodezaratecampana.org\/index.php?rest_route=\/wp\/v2\/media\/13870"}],"wp:attachment":[{"href":"https:\/\/obispadodezaratecampana.org\/index.php?rest_route=%2Fwp%2Fv2%2Fmedia&parent=13869"}],"wp:term":[{"taxonomy":"category","embeddable":true,"href":"https:\/\/obispadodezaratecampana.org\/index.php?rest_route=%2Fwp%2Fv2%2Fcategories&post=13869"},{"taxonomy":"post_tag","embeddable":true,"href":"https:\/\/obispadodezaratecampana.org\/index.php?rest_route=%2Fwp%2Fv2%2Ftags&post=13869"}],"curies":[{"name":"wp","href":"https:\/\/api.w.org\/{rel}","templated":true}]}}